{"id":98,"date":"2016-09-18T19:03:28","date_gmt":"2016-09-18T19:03:28","guid":{"rendered":"http:\/\/www.tjerkstra.com\/wordpress\/?p=98"},"modified":"2016-09-18T19:03:28","modified_gmt":"2016-09-18T19:03:28","slug":"himelheech","status":"publish","type":"post","link":"https:\/\/tjerkstra.com\/wordpress\/bibelbylden\/himelheech\/","title":{"rendered":"Himelheech"},"content":{"rendered":"<table class=\"contentpaneopen\">\n<tbody>\n<tr>\n<td class=\"contentheading\" width=\"100%\"><\/td>\n<td class=\"buttonheading\" align=\"right\" width=\"100%\"><a title=\"PDF\"> <img decoding=\"async\" src=\"http:\/\/www.tjerkstra.com\/images\/M_images\/pdf_button.png\" alt=\"PDF\" name=\"image\" align=\"middle\" border=\"0\" \/> <\/a><\/td>\n<td class=\"buttonheading\" align=\"right\" width=\"100%\"><a title=\"Print\"> <img decoding=\"async\" src=\"http:\/\/www.tjerkstra.com\/images\/M_images\/printButton.png\" alt=\"Print\" name=\"image\" align=\"middle\" border=\"0\" \/> <\/a><\/td>\n<td class=\"buttonheading\" align=\"right\" width=\"100%\"><a title=\"E-mail\"> <img decoding=\"async\" src=\"http:\/\/www.tjerkstra.com\/images\/M_images\/emailButton.png\" alt=\"E-mail\" name=\"image\" align=\"middle\" border=\"0\" \/> <\/a><\/td>\n<\/tr>\n<\/tbody>\n<\/table>\n<table class=\"contentpaneopen\">\n<tbody>\n<tr>\n<td colspan=\"2\" valign=\"top\"><em>fan anonym*<\/p>\n<p><img loading=\"lazy\" decoding=\"async\" title=\"Image\" src=\"http:\/\/www.tjerkstra.com\/images\/stories\/deiboek5\/tn_scan402.jpg\" alt=\"Image\" width=\"450\" height=\"381\" border=\"0\" hspace=\"6\" \/><br \/>\n<\/em><br \/>\nIt sette op it easten ta,<br \/>\nit folk fan it lemieren,<br \/>\nhegerop lykas it sinneljocht;<br \/>\nelk hie it troch, net oars mar sa<br \/>\nsoe &#8217;t gr\u00fbn en himel siere.<\/p>\n<p>It plan kaam fan de gr\u00fbn \u00f4f f\u00east<br \/>\nen yn de draai nei boppen,<br \/>\nstadichoan by &#8217;t sinneljocht;<br \/>\nde boulju krigen &#8217;t swier, gjin r\u00east,<br \/>\nfan &#8217;t wrotten gleone koppen.<\/p>\n<p>It sette op &#8216;e himel ta,<br \/>\nde toer fan hege namme:<br \/>\nbeaken yn it godlik sinneljocht;<br \/>\nien folk, ien taal, net oars mar sa<br \/>\nbestean wy \u00fbnbeskamme.<\/p>\n<p><em>* Ut &#8216;e Holl\u00e2nske skoalle<\/em><\/td>\n<\/tr>\n<\/tbody>\n<\/table>\n","protected":false},"excerpt":{"rendered":"<p>fan anonym* It sette op it easten ta, it folk fan it lemieren, hegerop lykas it sinneljocht; elk hie it troch, net oars mar sa soe &#8217;t gr\u00fbn en himel siere. It plan kaam fan de gr\u00fbn \u00f4f f\u00east en yn de draai nei boppen, stadichoan by &#8217;t sinneljocht; de boulju krigen &#8217;t swier, gjin [&hellip;]<\/p>\n","protected":false},"author":1,"featured_media":0,"comment_status":"closed","ping_status":"closed","sticky":false,"template":"","format":"standard","meta":{"footnotes":""},"categories":[4],"tags":[],"class_list":["post-98","post","type-post","status-publish","format-standard","hentry","category-bibelbylden"],"_links":{"self":[{"href":"https:\/\/tjerkstra.com\/wordpress\/wp-json\/wp\/v2\/posts\/98","targetHints":{"allow":["GET"]}}],"collection":[{"href":"https:\/\/tjerkstra.com\/wordpress\/wp-json\/wp\/v2\/posts"}],"about":[{"href":"https:\/\/tjerkstra.com\/wordpress\/wp-json\/wp\/v2\/types\/post"}],"author":[{"embeddable":true,"href":"https:\/\/tjerkstra.com\/wordpress\/wp-json\/wp\/v2\/users\/1"}],"replies":[{"embeddable":true,"href":"https:\/\/tjerkstra.com\/wordpress\/wp-json\/wp\/v2\/comments?post=98"}],"version-history":[{"count":1,"href":"https:\/\/tjerkstra.com\/wordpress\/wp-json\/wp\/v2\/posts\/98\/revisions"}],"predecessor-version":[{"id":99,"href":"https:\/\/tjerkstra.com\/wordpress\/wp-json\/wp\/v2\/posts\/98\/revisions\/99"}],"wp:attachment":[{"href":"https:\/\/tjerkstra.com\/wordpress\/wp-json\/wp\/v2\/media?parent=98"}],"wp:term":[{"taxonomy":"category","embeddable":true,"href":"https:\/\/tjerkstra.com\/wordpress\/wp-json\/wp\/v2\/categories?post=98"},{"taxonomy":"post_tag","embeddable":true,"href":"https:\/\/tjerkstra.com\/wordpress\/wp-json\/wp\/v2\/tags?post=98"}],"curies":[{"name":"wp","href":"https:\/\/api.w.org\/{rel}","templated":true}]}}