{"id":941,"date":"2016-09-27T18:48:16","date_gmt":"2016-09-27T18:48:16","guid":{"rendered":"http:\/\/www.tjerkstra.com\/wordpress\/?p=941"},"modified":"2016-09-27T18:48:16","modified_gmt":"2016-09-27T18:48:16","slug":"de-markol","status":"publish","type":"post","link":"https:\/\/tjerkstra.com\/wordpress\/lyrysk-deiboek\/de-markol\/","title":{"rendered":"De markol"},"content":{"rendered":"<table class=\"contentpaneopen\">\n<tbody>\n<tr>\n<td class=\"contentheading\" width=\"100%\"><\/td>\n<td class=\"buttonheading\" align=\"right\" width=\"100%\"><a title=\"PDF\"> <img decoding=\"async\" src=\"http:\/\/www.tjerkstra.com\/images\/M_images\/pdf_button.png\" alt=\"PDF\" name=\"image\" align=\"middle\" border=\"0\" \/> <\/a><\/td>\n<td class=\"buttonheading\" align=\"right\" width=\"100%\"><a title=\"Print\"> <img decoding=\"async\" src=\"http:\/\/www.tjerkstra.com\/images\/M_images\/printButton.png\" alt=\"Print\" name=\"image\" align=\"middle\" border=\"0\" \/> <\/a><\/td>\n<td class=\"buttonheading\" align=\"right\" width=\"100%\"><a title=\"E-mail\"> <img decoding=\"async\" src=\"http:\/\/www.tjerkstra.com\/images\/M_images\/emailButton.png\" alt=\"E-mail\" name=\"image\" align=\"middle\" border=\"0\" \/> <\/a><\/td>\n<\/tr>\n<\/tbody>\n<\/table>\n<table class=\"contentpaneopen\">\n<tbody>\n<tr>\n<td colspan=\"2\" valign=\"top\">F\u00east tusken wat de minske makke,<br \/>\nleit de basis foar har ideaal,<br \/>\nf\u00east sit se, waarmjend wat se makke,<br \/>\noan wat \u00fatkomt as in jong ferhaal.<\/p>\n<p>Gjin minske bringt har fan de wize,<br \/>\nstille skoften, mar wol muzikaal<br \/>\nde melody dy&#8217;t stadich rize<br \/>\nsil, de klimaks op ferlytse skaal.<\/p>\n<p>It brekken tilt har fan de basis,<br \/>\nwaarmjend har oan &#8217;t jonge ideaal,<br \/>\nit libben swimt troch folle fazes,<br \/>\nlege doppen sprekke ek dy taal.<\/p>\n<p><img loading=\"lazy\" decoding=\"async\" title=\"Image\" src=\"http:\/\/www.tjerkstra.com\/images\/stories\/deiboek\/ynternet_100_2220.jpg\" alt=\"Image\" width=\"450\" height=\"338\" border=\"0\" hspace=\"6\" \/><\/td>\n<\/tr>\n<\/tbody>\n<\/table>\n","protected":false},"excerpt":{"rendered":"<p>F\u00east tusken wat de minske makke, leit de basis foar har ideaal, f\u00east sit se, waarmjend wat se makke, oan wat \u00fatkomt as in jong ferhaal. Gjin minske bringt har fan de wize, stille skoften, mar wol muzikaal de melody dy&#8217;t stadich rize sil, de klimaks op ferlytse skaal. It brekken tilt har fan de [&hellip;]<\/p>\n","protected":false},"author":1,"featured_media":0,"comment_status":"closed","ping_status":"closed","sticky":false,"template":"","format":"standard","meta":{"footnotes":""},"categories":[3],"tags":[],"class_list":["post-941","post","type-post","status-publish","format-standard","hentry","category-lyrysk-deiboek"],"_links":{"self":[{"href":"https:\/\/tjerkstra.com\/wordpress\/wp-json\/wp\/v2\/posts\/941","targetHints":{"allow":["GET"]}}],"collection":[{"href":"https:\/\/tjerkstra.com\/wordpress\/wp-json\/wp\/v2\/posts"}],"about":[{"href":"https:\/\/tjerkstra.com\/wordpress\/wp-json\/wp\/v2\/types\/post"}],"author":[{"embeddable":true,"href":"https:\/\/tjerkstra.com\/wordpress\/wp-json\/wp\/v2\/users\/1"}],"replies":[{"embeddable":true,"href":"https:\/\/tjerkstra.com\/wordpress\/wp-json\/wp\/v2\/comments?post=941"}],"version-history":[{"count":1,"href":"https:\/\/tjerkstra.com\/wordpress\/wp-json\/wp\/v2\/posts\/941\/revisions"}],"predecessor-version":[{"id":942,"href":"https:\/\/tjerkstra.com\/wordpress\/wp-json\/wp\/v2\/posts\/941\/revisions\/942"}],"wp:attachment":[{"href":"https:\/\/tjerkstra.com\/wordpress\/wp-json\/wp\/v2\/media?parent=941"}],"wp:term":[{"taxonomy":"category","embeddable":true,"href":"https:\/\/tjerkstra.com\/wordpress\/wp-json\/wp\/v2\/categories?post=941"},{"taxonomy":"post_tag","embeddable":true,"href":"https:\/\/tjerkstra.com\/wordpress\/wp-json\/wp\/v2\/tags?post=941"}],"curies":[{"name":"wp","href":"https:\/\/api.w.org\/{rel}","templated":true}]}}