{"id":929,"date":"2016-09-27T18:40:16","date_gmt":"2016-09-27T18:40:16","guid":{"rendered":"http:\/\/www.tjerkstra.com\/wordpress\/?p=929"},"modified":"2016-09-27T18:40:16","modified_gmt":"2016-09-27T18:40:16","slug":"ballade-fan-de-davidsstjer","status":"publish","type":"post","link":"https:\/\/tjerkstra.com\/wordpress\/lyrysk-deiboek\/ballade-fan-de-davidsstjer\/","title":{"rendered":"Ballade fan de Davidsstjer"},"content":{"rendered":"<table class=\"contentpaneopen\">\n<tbody>\n<tr>\n<td class=\"contentheading\" width=\"100%\"><\/td>\n<td class=\"buttonheading\" align=\"right\" width=\"100%\"><a title=\"PDF\"> <img decoding=\"async\" src=\"http:\/\/www.tjerkstra.com\/images\/M_images\/pdf_button.png\" alt=\"PDF\" name=\"image\" align=\"middle\" border=\"0\" \/> <\/a><\/td>\n<td class=\"buttonheading\" align=\"right\" width=\"100%\"><a title=\"Print\"> <img decoding=\"async\" src=\"http:\/\/www.tjerkstra.com\/images\/M_images\/printButton.png\" alt=\"Print\" name=\"image\" align=\"middle\" border=\"0\" \/> <\/a><\/td>\n<td class=\"buttonheading\" align=\"right\" width=\"100%\"><a title=\"E-mail\"> <img decoding=\"async\" src=\"http:\/\/www.tjerkstra.com\/images\/M_images\/emailButton.png\" alt=\"E-mail\" name=\"image\" align=\"middle\" border=\"0\" \/> <\/a><\/td>\n<\/tr>\n<\/tbody>\n<\/table>\n<table class=\"contentpaneopen\">\n<tbody>\n<tr>\n<td colspan=\"2\" valign=\"top\"><img loading=\"lazy\" decoding=\"async\" title=\"Image\" src=\"http:\/\/www.tjerkstra.com\/images\/stories\/deiboek\/ynternet_100_2240.jpg\" alt=\"Image\" width=\"450\" height=\"338\" border=\"0\" hspace=\"6\" \/><\/p>\n<p>Dit is in liet fan ljocht en tsjuster,<br \/>\ndei en nacht mei kleare stjer,<br \/>\ndit is in liet fan hjoed en juster,<br \/>\naltyd wer en hjir en d\u00ear,<br \/>\ndit is in liet fan broer en suster,<br \/>\nJoaden mei de Davidsstjer.<\/p>\n<p>D\u00ear&#8217;t hjoed de dei de Snitsers rinne,<br \/>\nwinkel \u00fat en winkel yn,<br \/>\nd\u00ear&#8217;t steane keapman en boerinne,<br \/>\nhanneljend fan dyn en myn,<br \/>\nd\u00ear giene earder Joaden hinne,<br \/>\nharren synagoge yn.<\/p>\n<p>Hat boartersguod it plak ynnommen<br \/>\nfan de boekrol en de jat,<br \/>\nis doe as kompensaasje kommen<br \/>\nop &#8217;t plak fan &#8217;t swarte gat<br \/>\nde stiennen Davidsstjer as stomme<br \/>\ntsj\u00fbge fan de joadske God?<\/p>\n<p><img loading=\"lazy\" decoding=\"async\" title=\"Image\" src=\"http:\/\/www.tjerkstra.com\/images\/stories\/deiboek\/ynternet_100_2248.jpg\" alt=\"Image\" width=\"450\" height=\"338\" border=\"0\" hspace=\"6\" \/><\/p>\n<p>De synagoge hie mear stjerren<br \/>\nas de tsjerken mei elkoar,<br \/>\nmen koe op elke sabbat hearre<br \/>\nhoe&#8217;t de Joaden giene foar<br \/>\nGods Wurd en minskedie tegearre<br \/>\nyn de leafde foar de oar.<\/p>\n<p>Mar troch de wike moast it barre,<br \/>\nwurkje foar it deistich brea,<br \/>\ndan ried it folk de h\u00fbnekarre<br \/>\ntroch de doarpen en it gea<br \/>\nen w\u00ear&#8217;t de Joaden ek bedarren,<br \/>\nDavids stjer ferliet har nea.<\/p>\n<p>Dochs skeelde it yn Snits net folle<br \/>\nof de stjer wie \u00fbndergien,<br \/>\nde iene groep woe djipper dolle,<br \/>\nis doe fan de mienskip snien,<br \/>\nit lichem skieden fan de holle<br \/>\nkrige stal yn hurde stien.<\/p>\n<p>De Joaden ha doe op twa plakken<br \/>\nfrede foar altiten f\u00fbn,<br \/>\nde measte deaden binne sakke<br \/>\nmei de foarfaars djip ferb\u00fbn,<br \/>\nin s\u00e2ntal gr\u00eaven ha se makke<br \/>\nyn de algemiene gr\u00fbn.<\/p>\n<p><img loading=\"lazy\" decoding=\"async\" title=\"Image\" src=\"http:\/\/www.tjerkstra.com\/images\/stories\/deiboek\/ynternet_100_2241.jpg\" alt=\"Image\" width=\"450\" height=\"338\" border=\"0\" hspace=\"6\" \/><\/p>\n<p>De Davidsstjer hat jierren blonken,<br \/>\ndoe&#8217;t de ienheid der wer wie,<br \/>\nmar mei&#8217;t de nazi, fan macht dronken,<br \/>\ngjin begrutsjen mei har hie,<br \/>\nha Joadestjerren inkeld fonke<br \/>\noant de alderl\u00easte trie.<\/p>\n<p>W\u00ear binne hjoed de dei de Joaden<br \/>\nyn de Snitser boargerij,<br \/>\nw\u00ear is de boekrol mei geboaden,<br \/>\nsels gjin jat koe keare &#8217;t tij,<br \/>\nmar as de geast ferslacht de goaden,<br \/>\nblinkt de Davidsstjer as nij.<\/p>\n<p><img loading=\"lazy\" decoding=\"async\" title=\"Image\" src=\"http:\/\/www.tjerkstra.com\/images\/stories\/deiboek\/ynternet_100_2246.jpg\" alt=\"Image\" width=\"450\" height=\"338\" border=\"0\" hspace=\"6\" \/><\/td>\n<\/tr>\n<\/tbody>\n<\/table>\n","protected":false},"excerpt":{"rendered":"<p>Dit is in liet fan ljocht en tsjuster, dei en nacht mei kleare stjer, dit is in liet fan hjoed en juster, altyd wer en hjir en d\u00ear, dit is in liet fan broer en suster, Joaden mei de Davidsstjer. D\u00ear&#8217;t hjoed de dei de Snitsers rinne, winkel \u00fat en winkel yn, d\u00ear&#8217;t steane keapman [&hellip;]<\/p>\n","protected":false},"author":1,"featured_media":0,"comment_status":"closed","ping_status":"closed","sticky":false,"template":"","format":"standard","meta":{"footnotes":""},"categories":[3],"tags":[],"class_list":["post-929","post","type-post","status-publish","format-standard","hentry","category-lyrysk-deiboek"],"_links":{"self":[{"href":"https:\/\/tjerkstra.com\/wordpress\/wp-json\/wp\/v2\/posts\/929","targetHints":{"allow":["GET"]}}],"collection":[{"href":"https:\/\/tjerkstra.com\/wordpress\/wp-json\/wp\/v2\/posts"}],"about":[{"href":"https:\/\/tjerkstra.com\/wordpress\/wp-json\/wp\/v2\/types\/post"}],"author":[{"embeddable":true,"href":"https:\/\/tjerkstra.com\/wordpress\/wp-json\/wp\/v2\/users\/1"}],"replies":[{"embeddable":true,"href":"https:\/\/tjerkstra.com\/wordpress\/wp-json\/wp\/v2\/comments?post=929"}],"version-history":[{"count":1,"href":"https:\/\/tjerkstra.com\/wordpress\/wp-json\/wp\/v2\/posts\/929\/revisions"}],"predecessor-version":[{"id":930,"href":"https:\/\/tjerkstra.com\/wordpress\/wp-json\/wp\/v2\/posts\/929\/revisions\/930"}],"wp:attachment":[{"href":"https:\/\/tjerkstra.com\/wordpress\/wp-json\/wp\/v2\/media?parent=929"}],"wp:term":[{"taxonomy":"category","embeddable":true,"href":"https:\/\/tjerkstra.com\/wordpress\/wp-json\/wp\/v2\/categories?post=929"},{"taxonomy":"post_tag","embeddable":true,"href":"https:\/\/tjerkstra.com\/wordpress\/wp-json\/wp\/v2\/tags?post=929"}],"curies":[{"name":"wp","href":"https:\/\/api.w.org\/{rel}","templated":true}]}}