{"id":8975,"date":"2016-12-03T18:17:12","date_gmt":"2016-12-03T18:17:12","guid":{"rendered":"http:\/\/www.tjerkstra.com\/wordpress\/?p=8975"},"modified":"2016-12-03T18:17:12","modified_gmt":"2016-12-03T18:17:12","slug":"oerwinning-oer-it-wetter","status":"publish","type":"post","link":"https:\/\/tjerkstra.com\/wordpress\/bibelbylden\/oerwinning-oer-it-wetter\/","title":{"rendered":"Oerwinning oer it wetter"},"content":{"rendered":"<p><em>fan Gustave Dor\u00e9*<br \/>\n<\/em><br \/>\nUt Gile\u00e4d kaam it berjocht<br \/>\ndat Joaden r\u00fbnen grut gefaar:<br \/>\nde dea en oars in slavelibben;<br \/>\nJudas hat d\u00ear oars oer tocht<br \/>\nen nei befrijing stribbe.<\/p>\n<p>Syn leger teach troch de woestyn,<br \/>\nwie doe al wiet fan de Jordaan<br \/>\nen koe it yn de hjitte r\u00eade:<br \/>\n\u2019t naam ferskate st\u00eaden yn<br \/>\nen hat de bloei fertr\u00eade.<\/p>\n<p>Timot\u00e9\u00fcs, de generaal<br \/>\nfan \u2019t heidensk leger, wie te let<br \/>\nby \u2019t wetter streamend oer de stiennen;<br \/>\nJudas\u2019 leger sloech totaal<br \/>\ntroch alle wjerst\u00e2n hinne.<\/p>\n<p>De Joaden, \u00fat \u2019e hjitte wei,<br \/>\nnaam Judas mei oer de Jordaan,<br \/>\nin oergong troch it koele wetter,<br \/>\n\u2019t fielde as in ommeswaai,<br \/>\nyn Sion koe \u2019t net better.<\/p>\n<p><a href=\"https:\/\/tjerkstra.com\/wordpress\/wp-content\/uploads\/2016\/12\/Judas-Makkabee\u00ebr-3.jpeg\"><img loading=\"lazy\" decoding=\"async\" class=\"alignnone size-medium wp-image-8976\" src=\"https:\/\/tjerkstra.com\/wordpress\/wp-content\/uploads\/2016\/12\/Judas-Makkabee\u00ebr-3-300x265.jpeg\" alt=\"judas-makkabeeer-3\" width=\"300\" height=\"265\" srcset=\"https:\/\/tjerkstra.com\/wordpress\/wp-content\/uploads\/2016\/12\/Judas-Makkabee\u00ebr-3-300x265.jpeg 300w, https:\/\/tjerkstra.com\/wordpress\/wp-content\/uploads\/2016\/12\/Judas-Makkabee\u00ebr-3-768x679.jpeg 768w, https:\/\/tjerkstra.com\/wordpress\/wp-content\/uploads\/2016\/12\/Judas-Makkabee\u00ebr-3-1024x906.jpeg 1024w, https:\/\/tjerkstra.com\/wordpress\/wp-content\/uploads\/2016\/12\/Judas-Makkabee\u00ebr-3.jpeg 1595w\" sizes=\"auto, (max-width: 300px) 100vw, 300px\" \/><\/a><\/p>\n<p><em>* Gustave Dor\u00e9 (1833-1883)<br \/>\nYllustraasje \u2018Judas ferslacht Timot\u00e9\u00fcs\u2019<\/p>\n<p><\/em><\/p>\n","protected":false},"excerpt":{"rendered":"<p>fan Gustave Dor\u00e9* Ut Gile\u00e4d kaam it berjocht dat Joaden r\u00fbnen grut gefaar: de dea en oars in slavelibben; Judas hat d\u00ear oars oer tocht en nei befrijing stribbe. Syn leger teach troch de woestyn, wie doe al wiet fan de Jordaan en koe it yn de hjitte r\u00eade: \u2019t naam ferskate st\u00eaden yn en [&hellip;]<\/p>\n","protected":false},"author":1,"featured_media":0,"comment_status":"closed","ping_status":"closed","sticky":false,"template":"","format":"standard","meta":{"footnotes":""},"categories":[4],"tags":[],"class_list":["post-8975","post","type-post","status-publish","format-standard","hentry","category-bibelbylden"],"_links":{"self":[{"href":"https:\/\/tjerkstra.com\/wordpress\/wp-json\/wp\/v2\/posts\/8975","targetHints":{"allow":["GET"]}}],"collection":[{"href":"https:\/\/tjerkstra.com\/wordpress\/wp-json\/wp\/v2\/posts"}],"about":[{"href":"https:\/\/tjerkstra.com\/wordpress\/wp-json\/wp\/v2\/types\/post"}],"author":[{"embeddable":true,"href":"https:\/\/tjerkstra.com\/wordpress\/wp-json\/wp\/v2\/users\/1"}],"replies":[{"embeddable":true,"href":"https:\/\/tjerkstra.com\/wordpress\/wp-json\/wp\/v2\/comments?post=8975"}],"version-history":[{"count":1,"href":"https:\/\/tjerkstra.com\/wordpress\/wp-json\/wp\/v2\/posts\/8975\/revisions"}],"predecessor-version":[{"id":8977,"href":"https:\/\/tjerkstra.com\/wordpress\/wp-json\/wp\/v2\/posts\/8975\/revisions\/8977"}],"wp:attachment":[{"href":"https:\/\/tjerkstra.com\/wordpress\/wp-json\/wp\/v2\/media?parent=8975"}],"wp:term":[{"taxonomy":"category","embeddable":true,"href":"https:\/\/tjerkstra.com\/wordpress\/wp-json\/wp\/v2\/categories?post=8975"},{"taxonomy":"post_tag","embeddable":true,"href":"https:\/\/tjerkstra.com\/wordpress\/wp-json\/wp\/v2\/tags?post=8975"}],"curies":[{"name":"wp","href":"https:\/\/api.w.org\/{rel}","templated":true}]}}