{"id":8890,"date":"2016-11-24T18:26:10","date_gmt":"2016-11-24T18:26:10","guid":{"rendered":"http:\/\/www.tjerkstra.com\/wordpress\/?p=8890"},"modified":"2016-11-24T18:33:51","modified_gmt":"2016-11-24T18:33:51","slug":"romans","status":"publish","type":"post","link":"https:\/\/tjerkstra.com\/wordpress\/romans\/romans\/","title":{"rendered":"Romans"},"content":{"rendered":"<table class=\"contentpaneopen\">\n<tbody>\n<tr>\n<td class=\"contentheading\" width=\"100%\"><\/td>\n<td class=\"buttonheading\" align=\"right\" width=\"100%\"><a title=\"PDF\"> <img decoding=\"async\" src=\"http:\/\/www.tjerkstra.com\/images\/M_images\/pdf_button.png\" alt=\"PDF\" name=\"image\" align=\"middle\" border=\"0\" \/> <\/a><\/td>\n<td class=\"buttonheading\" align=\"right\" width=\"100%\"><a title=\"Print\"> <img decoding=\"async\" src=\"http:\/\/www.tjerkstra.com\/images\/M_images\/printButton.png\" alt=\"Print\" name=\"image\" align=\"middle\" border=\"0\" \/> <\/a><\/td>\n<td class=\"buttonheading\" align=\"right\" width=\"100%\"><a title=\"E-mail\"> <img decoding=\"async\" src=\"http:\/\/www.tjerkstra.com\/images\/M_images\/emailButton.png\" alt=\"E-mail\" name=\"image\" align=\"middle\" border=\"0\" \/> <\/a><\/td>\n<\/tr>\n<\/tbody>\n<\/table>\n<table class=\"contentpaneopen\">\n<tbody>\n<tr>\n<td colspan=\"2\" valign=\"top\"><strong><em>Finzen yn bylden\u00a0\u00a0 1992<br \/>\n<\/em><\/strong><br \/>\nDe Golfoarloch yn 1991 hat mar seis wiken duorre.<br \/>\nDochs troffen de oarlochsbylden op it televyzjeskerm<br \/>\nguon \u00e2ldere minsken sa sterk dat se harren ferline<br \/>\nfan mear as fyftich jier lyn (1940-1945) op&#8217;e nij belibben.<br \/>\nDe fjouwer haadpersoanen reitsje suver finzen<br \/>\nyn en troch bylden \u00fat harren &#8216;eigen&#8217; oarloch.<br \/>\nElk fan harren ferwurket dat ferline op eigen wize:<br \/>\nFreark Douma, \u00e2ldizerkeapman, en Aant Riemersma,<br \/>\n\u00e2ld-kastlein en -t\u00fanman, yn Frysl\u00e2n;<br \/>\nGertrud Meier yn D\u00fatsl\u00e2n en Rachel Levy yn Israel.<br \/>\nFragen fan skuld en \u00fbnskuld wurde,<br \/>\nsoms op &#8216;e drompel fan de dea, be\u00e4ntwurde.<br \/>\nWa&#8217;t &#8211; befrijd fan alle benearjende bylden &#8211;<br \/>\nde bern, dy&#8217;t it symboal binne fan de takomst,<br \/>\nin beamke plantsje lit, is wiis wurden<br \/>\nen bout mei oan in nije wr\u00e2ld.<\/p>\n<p><img loading=\"lazy\" decoding=\"async\" title=\"Image\" src=\"http:\/\/www.tjerkstra.com\/images\/stories\/boeken\/finzen-yn-bylden.jpg\" alt=\"Image\" width=\"168\" height=\"283\" border=\"0\" hspace=\"6\" \/><strong><em><\/p>\n<p>Ridder fan Snits \u00a0\u00a0\u00a0\u00a0\u00a0\u00a0 rom\u00a0\u00a0 1999<br \/>\n<\/em><\/strong><br \/>\nKrekt 600 jier nei&#8217;t de stins Rodenboarch<br \/>\ntroch de Snitsers delhelle waard,<br \/>\nkomt it earste diel fan de histoaryske roman<br \/>\n&#8216;Ridder fan Snits&#8217; \u00fat.<br \/>\nIt jier 1399 wie in kear yn it romrofte libben<br \/>\nfan syn bewenner, Rienk Bockema.<br \/>\nD\u00earfoar hie dizze haadling<br \/>\nfier b\u00fbten de grinzen fan Frysl\u00e2n fochten.<br \/>\nBy Rhodos tsjin de Turken en yn de st\u00ead Grodno<br \/>\ntsjin de gruthartoch fan Litouwen.<br \/>\nYn Snits sels wraksele er mei syn eigen libben,<br \/>\ndat ferr\u00fbn tusken wylde driften en eangst foar de dea.<br \/>\nYn dy spanning rjochte er him op<br \/>\nde Hillige Frouwe Marije,<br \/>\nfoar him it toanbyld fan guon froulju<br \/>\ndy&#8217;t yn syn libben in gtutte rol spilen.<br \/>\nMar de rom as ridder en de pylgerreis nei Jeruzalem<br \/>\nkoene syn skuld foar Marije en de froulju oer<br \/>\nnet weinimme.<br \/>\nEarst nei 1399, doe&#8217;t er syn macht yn Snits kwytrekke wie,<br \/>\ndie er yn de stilte fan syn eigen kleaster Thabor<br \/>\nboete troch muonts \u00fbnder de muontsen te wurden.<\/p>\n<p><strong><em>Ridder fan Snits\u00a0\u00a0\u00a0\u00a0\u00a0\u00a0\u00a0 skuld\u00a0\u00a0 2000<br \/>\n<\/em><\/strong><\/p>\n<p>Rienk Bockema syn lang libben (1350-1436)<br \/>\nspile him net allinnich \u00f4f yn Rodenboarch,<br \/>\nde m\u00e2nske stins dy&#8217;t binnen de w\u00e2len en gr\u00eaften<br \/>\nfan it midsieuske Snits stie.<br \/>\nDoe&#8217;t er weromkaam fan de kr\u00fastocht nei Rhodos,<br \/>\nwaard er troch kening Edward III fan Ingel\u00e2n<br \/>\nom syn moed ta ridder slein.<br \/>\nMar yn de jierren d\u00earnei fierde er op &#8216;e gr\u00fbn<br \/>\nd\u00ear&#8217;t er hikke en tein wie, in hiel oare striid.<br \/>\nHy wraksele mei syn eigen libben,<br \/>\ndat ferr\u00fbn tusken wylde driften en eangst foar de dea.<br \/>\nOm&#8217;t er him skuldich fielde oan de dea fan syn frou Bot,<br \/>\ndy&#8217;t \u00fbnder heimsinnige omstannichheden omkaam,<br \/>\nmakke er in pylgertocht nei Jeruzalem.<br \/>\nD\u00ear ferb\u00fbn er him noch hechter<br \/>\noan de Hillige Frouwe Marije,<br \/>\nfoar him it toanbyld fan inkele froulju<br \/>\ndy&#8217;t yn syn libben in grutte rol spilen.<br \/>\nMar de rom as ridder en de pylgerreis nei Jeruzalem<br \/>\nkoene de skuld foar Marije en de froulju oer net weinimme.<br \/>\nEarst oan de ein fan syn libben f\u00fbn er de r\u00east<br \/>\nyn it kleaster Thabor,<br \/>\ndat er tusken Snits en Turns bouwe litten hie.<\/p>\n<p><strong><em>Ridder fan Snits \u00a0\u00a0\u00a0\u00a0\u00a0\u00a0 boete \u00a0 2001<br \/>\n<\/em><\/strong><br \/>\nRienk Bockema wie it l\u00easte part<br \/>\nfan de fjirtjinde ieu haadling fan Snits.<br \/>\nHy makke trije lange reizen.<br \/>\nDe earste reis wie in kr\u00fastocht nei Rhodos,<br \/>\nyn tsjinst fan kening Edward III fan Ingel\u00e2n.<br \/>\nFanwege syn moed waard him de rom<br \/>\nfan it ridderskip takend.<br \/>\nDe oanlieding ta de twadde reis<br \/>\nwie de \u00fbnferwachte dea fan syn frou.<br \/>\nDe eangst foar skuld en ivige straf<br \/>\ndreau him op pylgerreis nei Jeruzalem.<br \/>\nD\u00ear krige er de hillige opdracht<br \/>\nin twadde kr\u00fastocht te \u00fbndernimmen.<br \/>\nFan dy kr\u00fastocht, tsjin de gruthartoch fan Litouwen,<br \/>\nbrocht er in Marijebyld en twa jonges mei werom.<br \/>\nDoe&#8217;t er tsjin de sechtich r\u00fbn, waard er him bewust<br \/>\ndat oan syn aventoerlik bestean in ein kommen wie.<br \/>\nHy wist ek dat syn l\u00easte libbensjierren<br \/>\nnet s\u00fbnder boete koene.<br \/>\nD\u00earom stifte er it kleaster Thabor, d\u00ear&#8217;t er noch langer<br \/>\nas in fearnsieu muonts \u00fbnder de muontsen wie.<\/p>\n<p><strong><em><img loading=\"lazy\" decoding=\"async\" title=\"Image\" src=\"http:\/\/www.tjerkstra.com\/images\/stories\/boeken\/ridderfansnits.jpg\" alt=\"Image\" width=\"276\" height=\"170\" border=\"0\" hspace=\"6\" \/><\/em><\/strong><\/p>\n<p><strong><em>Snijpunten\u00a0 2002<br \/>\n<\/em><\/strong><br \/>\nSy kamen foar ien nacht op deselde sikeh\u00fbskeamer,<br \/>\nskiednislearaar Hidde Keimpema<br \/>\nen sakeman Ralf Lanting.<br \/>\nD\u00ear rekken se oan de praat oer libben en tinken.<br \/>\nIt libben en tinken fan Hidde Keimpema<br \/>\nfan jonkje oant 2000,<br \/>\nen dat fan Ralf Lanting fan 2000 nei skoaljonge.<br \/>\nWat sy yn dy iene nacht elkoar ferteld ha<br \/>\nen wat inkeld by harren boppe kaam yn bylden,<br \/>\nbliuwt yn it tsjuster.<br \/>\nMar wat wol opljochtet,<br \/>\nbinne de snijpunten yn it libben en tinken<br \/>\nfan de learaar en de sakeman.<br \/>\nDe echte moeting is foarby it ultime snijpunt.<\/p>\n<p><img loading=\"lazy\" decoding=\"async\" title=\"Image\" src=\"http:\/\/www.tjerkstra.com\/images\/stories\/boeken\/snijpunten.jpg\" alt=\"Image\" width=\"170\" height=\"283\" border=\"0\" hspace=\"6\" \/><\/p>\n<p><strong><em>Dokslepers\u00a0\u00a0 2005<br \/>\n<\/em><\/strong><br \/>\nOan de r\u00e2ne fan it Spoardok wenje de Bleekbuerters,<br \/>\nfolk mei karakters en tinkbylden dy&#8217;t himelsbreed ferskille.<br \/>\nW\u00ear&#8217;t se itselde yn binne, is de driuw nei beh\u00e2ld<br \/>\nfan it libben op dat bys\u00fbndere plak tusken natuer en st\u00ead.<br \/>\nIt is harren himel op ierde, d\u00ear wolle se foar yn de beage om,<br \/>\nelk mei de eigen bys\u00fbndere kr\u00eaften,<br \/>\nde buert troch de tiid te slepen.<br \/>\nDat yn har fermidden in \u00e2ld dokter op syn manier<br \/>\nde himel op ierde bringe wol,<br \/>\nha se earst troch as ien fan har it slachtoffer wurdt.<\/p>\n<p><img loading=\"lazy\" decoding=\"async\" title=\"Image\" src=\"http:\/\/www.tjerkstra.com\/images\/stories\/boeken\/dokslepers.jpg\" alt=\"Image\" width=\"175\" height=\"283\" border=\"0\" hspace=\"6\" \/><\/td>\n<\/tr>\n<\/tbody>\n<\/table>\n","protected":false},"excerpt":{"rendered":"<p>Finzen yn bylden\u00a0\u00a0 1992 De Golfoarloch yn 1991 hat mar seis wiken duorre. Dochs troffen de oarlochsbylden op it televyzjeskerm guon \u00e2ldere minsken sa sterk dat se harren ferline fan mear as fyftich jier lyn (1940-1945) op&#8217;e nij belibben. De fjouwer haadpersoanen reitsje suver finzen yn en troch bylden \u00fat harren &#8216;eigen&#8217; oarloch. Elk fan [&hellip;]<\/p>\n","protected":false},"author":1,"featured_media":0,"comment_status":"closed","ping_status":"closed","sticky":false,"template":"","format":"standard","meta":{"footnotes":""},"categories":[15],"tags":[],"class_list":["post-8890","post","type-post","status-publish","format-standard","hentry","category-romans"],"_links":{"self":[{"href":"https:\/\/tjerkstra.com\/wordpress\/wp-json\/wp\/v2\/posts\/8890","targetHints":{"allow":["GET"]}}],"collection":[{"href":"https:\/\/tjerkstra.com\/wordpress\/wp-json\/wp\/v2\/posts"}],"about":[{"href":"https:\/\/tjerkstra.com\/wordpress\/wp-json\/wp\/v2\/types\/post"}],"author":[{"embeddable":true,"href":"https:\/\/tjerkstra.com\/wordpress\/wp-json\/wp\/v2\/users\/1"}],"replies":[{"embeddable":true,"href":"https:\/\/tjerkstra.com\/wordpress\/wp-json\/wp\/v2\/comments?post=8890"}],"version-history":[{"count":5,"href":"https:\/\/tjerkstra.com\/wordpress\/wp-json\/wp\/v2\/posts\/8890\/revisions"}],"predecessor-version":[{"id":8895,"href":"https:\/\/tjerkstra.com\/wordpress\/wp-json\/wp\/v2\/posts\/8890\/revisions\/8895"}],"wp:attachment":[{"href":"https:\/\/tjerkstra.com\/wordpress\/wp-json\/wp\/v2\/media?parent=8890"}],"wp:term":[{"taxonomy":"category","embeddable":true,"href":"https:\/\/tjerkstra.com\/wordpress\/wp-json\/wp\/v2\/categories?post=8890"},{"taxonomy":"post_tag","embeddable":true,"href":"https:\/\/tjerkstra.com\/wordpress\/wp-json\/wp\/v2\/tags?post=8890"}],"curies":[{"name":"wp","href":"https:\/\/api.w.org\/{rel}","templated":true}]}}