{"id":8885,"date":"2016-11-24T18:22:49","date_gmt":"2016-11-24T18:22:49","guid":{"rendered":"http:\/\/www.tjerkstra.com\/wordpress\/?p=8885"},"modified":"2016-11-24T18:26:56","modified_gmt":"2016-11-24T18:26:56","slug":"ferhalebondel","status":"publish","type":"post","link":"https:\/\/tjerkstra.com\/wordpress\/ferhalebondels\/ferhalebondel\/","title":{"rendered":"Ferhalebondel"},"content":{"rendered":"<p><strong><em>Bline mosken \u00a0\u00a0\u00a0\u00a0\u00a0\u00a0\u00a0\u00a0\u00a0\u00a0\u00a0\u00a0\u00a0\u00a0\u00a0\u00a0\u00a0\u00a0\u00a0\u00a0\u00a0\u00a0\u00a0\u00a0\u00a0\u00a0\u00a0\u00a0\u00a0\u00a0\u00a0\u00a0\u00a0\u00a0\u00a0\u00a0\u00a0\u00a0\u00a0\u00a0\u00a0\u00a0\u00a0\u00a0\u00a0\u00a0\u00a0\u00a0\u00a0\u00a0\u00a0\u00a0\u00a0\u00a0\u00a0\u00a0\u00a0\u00a0\u00a0\u00a0 1991<br \/>\n<\/em><\/strong><br \/>\nYn Bline mosken&#8217; is de b\u00e2n fan de skriuwer<br \/>\nmei it wetter en mei bern d\u00fadlik \u00f4f te l\u00eazen.<br \/>\nYn in tal ferhalen komme de bline mosken<br \/>\nfan de maatskippij foar it fuotljocht:<br \/>\nfolwoeksenen en bern dy&#8217;t troch omstannichheden,<br \/>\nd\u00ear&#8217;t se sels gjin ynfloed op \u00fatoefenje kinne,<br \/>\nin tsjuster libben hawwe.<br \/>\nMar net altyd is it neare nacht.<br \/>\nStriid en humor soargje<br \/>\nfoar in streek ljocht oan de kimen.<\/p>\n<p><img loading=\"lazy\" decoding=\"async\" title=\"Image\" src=\"http:\/\/www.tjerkstra.com\/images\/stories\/boeken\/blinemosken.jpg\" alt=\"Image\" width=\"173\" height=\"283\" border=\"0\" hspace=\"6\" \/><\/p>\n","protected":false},"excerpt":{"rendered":"<p>Bline mosken \u00a0\u00a0\u00a0\u00a0\u00a0\u00a0\u00a0\u00a0\u00a0\u00a0\u00a0\u00a0\u00a0\u00a0\u00a0\u00a0\u00a0\u00a0\u00a0\u00a0\u00a0\u00a0\u00a0\u00a0\u00a0\u00a0\u00a0\u00a0\u00a0\u00a0\u00a0\u00a0\u00a0\u00a0\u00a0\u00a0\u00a0\u00a0\u00a0\u00a0\u00a0\u00a0\u00a0\u00a0\u00a0\u00a0\u00a0\u00a0\u00a0\u00a0\u00a0\u00a0\u00a0\u00a0\u00a0\u00a0\u00a0\u00a0\u00a0\u00a0 1991 Yn Bline mosken&#8217; is de b\u00e2n fan de skriuwer mei it wetter en mei bern d\u00fadlik \u00f4f te l\u00eazen. Yn in tal ferhalen komme de bline mosken fan de maatskippij foar it fuotljocht: folwoeksenen en bern dy&#8217;t troch omstannichheden, d\u00ear&#8217;t se sels gjin ynfloed op \u00fatoefenje kinne, in tsjuster libben hawwe. [&hellip;]<\/p>\n","protected":false},"author":1,"featured_media":0,"comment_status":"closed","ping_status":"closed","sticky":false,"template":"","format":"standard","meta":{"footnotes":""},"categories":[14],"tags":[],"class_list":["post-8885","post","type-post","status-publish","format-standard","hentry","category-ferhalebondels"],"_links":{"self":[{"href":"https:\/\/tjerkstra.com\/wordpress\/wp-json\/wp\/v2\/posts\/8885","targetHints":{"allow":["GET"]}}],"collection":[{"href":"https:\/\/tjerkstra.com\/wordpress\/wp-json\/wp\/v2\/posts"}],"about":[{"href":"https:\/\/tjerkstra.com\/wordpress\/wp-json\/wp\/v2\/types\/post"}],"author":[{"embeddable":true,"href":"https:\/\/tjerkstra.com\/wordpress\/wp-json\/wp\/v2\/users\/1"}],"replies":[{"embeddable":true,"href":"https:\/\/tjerkstra.com\/wordpress\/wp-json\/wp\/v2\/comments?post=8885"}],"version-history":[{"count":2,"href":"https:\/\/tjerkstra.com\/wordpress\/wp-json\/wp\/v2\/posts\/8885\/revisions"}],"predecessor-version":[{"id":8887,"href":"https:\/\/tjerkstra.com\/wordpress\/wp-json\/wp\/v2\/posts\/8885\/revisions\/8887"}],"wp:attachment":[{"href":"https:\/\/tjerkstra.com\/wordpress\/wp-json\/wp\/v2\/media?parent=8885"}],"wp:term":[{"taxonomy":"category","embeddable":true,"href":"https:\/\/tjerkstra.com\/wordpress\/wp-json\/wp\/v2\/categories?post=8885"},{"taxonomy":"post_tag","embeddable":true,"href":"https:\/\/tjerkstra.com\/wordpress\/wp-json\/wp\/v2\/tags?post=8885"}],"curies":[{"name":"wp","href":"https:\/\/api.w.org\/{rel}","templated":true}]}}