{"id":8855,"date":"2016-11-23T20:39:48","date_gmt":"2016-11-23T20:39:48","guid":{"rendered":"http:\/\/www.tjerkstra.com\/wordpress\/?p=8855"},"modified":"2016-11-24T19:35:50","modified_gmt":"2016-11-24T19:35:50","slug":"8855","status":"publish","type":"post","link":"https:\/\/tjerkstra.com\/wordpress\/berneboeken\/8855\/","title":{"rendered":"Berneboeken"},"content":{"rendered":"<table class=\"contentpaneopen\">\n<tbody>\n<tr>\n<td class=\"contentheading\" width=\"100%\"><\/td>\n<td class=\"buttonheading\" align=\"right\" width=\"100%\"><a title=\"PDF\"> <img decoding=\"async\" src=\"http:\/\/www.tjerkstra.com\/images\/M_images\/pdf_button.png\" alt=\"PDF\" name=\"image\" align=\"middle\" border=\"0\" \/> <\/a><\/td>\n<td class=\"buttonheading\" align=\"right\" width=\"100%\"><a title=\"Print\"> <img decoding=\"async\" src=\"http:\/\/www.tjerkstra.com\/images\/M_images\/printButton.png\" alt=\"Print\" name=\"image\" align=\"middle\" border=\"0\" \/> <\/a><\/td>\n<td class=\"buttonheading\" align=\"right\" width=\"100%\"><a title=\"E-mail\"> <img decoding=\"async\" src=\"http:\/\/www.tjerkstra.com\/images\/M_images\/emailButton.png\" alt=\"E-mail\" name=\"image\" align=\"middle\" border=\"0\" \/> <\/a><\/td>\n<\/tr>\n<\/tbody>\n<\/table>\n<table class=\"contentpaneopen\">\n<tbody>\n<tr>\n<td colspan=\"2\" valign=\"top\"><strong>Rik as br\u00e2nwacht (6-7 jier) yn 1992<em><br \/>\n<\/em><\/strong><br \/>\nRik wol br\u00e2nwacht wurde.<br \/>\nMar hoe krijst fjoer?<br \/>\nDat wit Rik wol.<br \/>\nEn hoe makkest de br\u00e2n wer \u00fat?<br \/>\nDat kin Rik ek wol.<br \/>\nHy kin b\u00east by de br\u00e2nwacht.<\/p>\n<p><strong><strong><strong><br \/>\nRik as mollefanger (6-7 jier) yn 1994<\/strong><\/strong><\/strong><\/p>\n<p>Der is in berch yn de s\u00e2nbak.<br \/>\nDy is fan Rik.<br \/>\nDer is ek in berch op it gers.<br \/>\nDy is fan de mol.<br \/>\nRik wol dat de mol \u00fat &#8216;e gr\u00fbn komt.<br \/>\nWat docht Rik?<br \/>\nHoe rint it \u00f4f?<\/p>\n<p><strong>It geheim achter de doar (6-7 jier) yn 1998<\/strong><\/p>\n<p>Achter de doar fan it hok sit in geheim.<br \/>\nGjinien doart deryn te gean.<br \/>\nRik en Joke wol.<br \/>\nSe dogge krekt as sit der in man yn it hok.<br \/>\nEn se meitsje elkenien bang.<\/p>\n<p><img loading=\"lazy\" decoding=\"async\" title=\"Image\" src=\"http:\/\/www.tjerkstra.com\/images\/stories\/boeken\/itgeheimachterdedoar.jpg\" alt=\"Image\" width=\"178\" height=\"270\" border=\"0\" hspace=\"6\" \/><\/p>\n<p><strong>De wite kastanje (11-15 jier) yn 1986<\/strong><\/p>\n<p>Teade en Harm komme \u00fat &#8216;e werklikheid<br \/>\nyn in oare wr\u00e2ld tel\u00e2ne, en oarsom.<br \/>\nSe libje yn ferskillende tiidsperioaden.<br \/>\nMuonts Martinus wiist har de wei.<br \/>\nHy makket har paadwiis yn it libben.<\/p>\n<p><img loading=\"lazy\" decoding=\"async\" title=\"Image\" src=\"http:\/\/www.tjerkstra.com\/images\/stories\/boeken\/witekastanjes.jpg\" alt=\"Image\" width=\"184\" height=\"283\" border=\"0\" hspace=\"6\" \/><\/p>\n<p><strong><em><br \/>\n<\/em>It fjoer fan de \u00fbnmacht (11-15 jier) yn 1987<em><br \/>\n<\/em><\/strong><br \/>\nRuerd fielt him opsletten yn it deistich libben,<br \/>\nth\u00fas likegoed as op skoalle.<br \/>\nOm&#8217;t er net by machte is om der wat oan te dwaan,<br \/>\nnaait er \u00fat om de echte frijheid te priuwen.<br \/>\nMar dy frijheid sjocht der al oars \u00fat<br \/>\nas er him yntocht hie.<br \/>\nMei fjoer moat er dy keapje<br \/>\nen letter nochris djoer betelje.<\/p>\n<p><em><img loading=\"lazy\" decoding=\"async\" title=\"Image\" src=\"http:\/\/www.tjerkstra.com\/images\/stories\/boeken\/fjoerfanunmacht.jpg\" alt=\"Image\" width=\"184\" height=\"283\" border=\"0\" hspace=\"6\" \/>\u00a0<\/em><\/p>\n<p><strong><em><br \/>\n<\/em>De Marsbosk (11-15 jier) yn 1990<em><br \/>\n<\/em><\/strong><br \/>\nAron Glansky, in joadske jonge, wennet yn Gorjol,<br \/>\nin doarp besuden Moskou.<br \/>\nD\u00ear wurdt er b\u00fbten it libben set, omdat er in Joad is<br \/>\nen mei syn \u00e2lden nei Israel emigrearje sil.<br \/>\nNynke Veen en har \u00e2lden,<br \/>\ndy&#8217;t fiere famylje fan de Glansky&#8217;s binne,<br \/>\nwenje op in rekreaasjeterrein yn Terpoel.<br \/>\nYn ien fan de bungalows krije de Glansky&#8217;s \u00fbnderdak.<br \/>\nAleks Sietsma, in grutte jonge mei ljochte krollen,<br \/>\nwennet yn de st\u00ead.<br \/>\nHy wol in eigen wr\u00e2ld meitsje,<br \/>\nd\u00ear&#8217;t er Nynke, syn freonen en syn h\u00fbn by nedich hat.<br \/>\nHurde muzyk wurdt ynset om syn doel te berikken.<br \/>\nYn dy wr\u00e2ld is gjin plak foar Aron.<\/p>\n<p><img loading=\"lazy\" decoding=\"async\" title=\"Image\" src=\"http:\/\/www.tjerkstra.com\/images\/stories\/boeken\/demarsbosk.jpg\" alt=\"Image\" width=\"177\" height=\"283\" border=\"0\" hspace=\"6\" \/><\/p>\n<p><strong><em><br \/>\n<\/em>De oaljespinnen (10-13jier) yn 1993<em><br \/>\n<\/em><\/strong><br \/>\nIva is in br\u00fan famke \u00fat Peru,<br \/>\ndat troch de \u00e2lden fan Jelle<br \/>\nyn de h\u00fbs nommen is.<br \/>\nSe wenje by it benzinestasjon.<br \/>\nUnder it dak, boppe de pompen,<br \/>\nha de spinnen reagen makke.<br \/>\nMei dy spinnen belibje Iva en Jelle<br \/>\nfrjemde aventoeren.<br \/>\nNet allinnich yn de minskewr\u00e2ld,<br \/>\nmar ek yn de wr\u00e2ld fan de spinnen sels.<\/p>\n<p><img loading=\"lazy\" decoding=\"async\" title=\"Image\" src=\"http:\/\/www.tjerkstra.com\/images\/stories\/boeken\/oaljespinnen.jpg\" alt=\"Image\" width=\"182\" height=\"283\" border=\"0\" hspace=\"6\" \/><\/p>\n<p><strong><em><br \/>\n<\/em>De rie fan fjirtjin (11-15 jier) yn 199<\/strong><strong>5<em><br \/>\n<\/em><\/strong><br \/>\nYn it wetterdoarp Nijwert giet it molkfabryk ticht.<br \/>\nDat is in grutte slach foar de mienskip.<br \/>\nMar in Amerikaan fan Fryske \u00f4fkomst<br \/>\nbringt wer libben yn it doarp.<br \/>\nDe jeugd krijt de k\u00e2ns<br \/>\nom it better te dwaan as de grutten.<br \/>\nPeter Hoekema en syn freonen pakke<br \/>\ndy \u00fatdaging ent\u00fbsjast oan.<br \/>\nSe rjochtsje yn it doarp de Frijsteat Nijwert op.<br \/>\nMar de ienriedigens fan dizze jeugdrepublyk<br \/>\nwurdt al gau op &#8216;e proef steld.<br \/>\nDat is it begjin fan in spannende tiid.<\/p>\n<p><img loading=\"lazy\" decoding=\"async\" title=\"Image\" src=\"http:\/\/www.tjerkstra.com\/images\/stories\/boeken\/deriefanfjirtjin.jpg\" alt=\"Image\" width=\"164\" height=\"283\" border=\"0\" hspace=\"6\" \/><\/p>\n<p><strong><em><br \/>\n<\/em>It geheim fan de see (10-13 jier) yn 2004<em><br \/>\n<\/em><\/strong><br \/>\nDe jonges en famkes fan de heechste groep<br \/>\nmeitsje in kampreis nei It Amel\u00e2n.<br \/>\nSe spylje foar Robinson, piraat of eilanner.<br \/>\nBas is kaptein fan de Robinsons,<br \/>\nRichard fan de piraten<br \/>\nen Marrit heart by de eilanners.<br \/>\nBas is yn Turkije as Koerd op &#8216;e wr\u00e2ld kommen.<br \/>\nHy hat gjin &#8216;echte&#8217; \u00e2lders mear.<br \/>\nHat dat mei de see te krijen?<br \/>\nOp It Amel\u00e2n is Bas ticht by de see.<br \/>\nHat de see geheimen?<br \/>\nBas en Marrit \u00fbntdekke in geheim.<br \/>\nDat makket Richard, dy&#8217;t de tongerdolk hat, jaloersk.<br \/>\nHoe&#8217;t dat \u00f4frint?<br \/>\nEn \u00fbntdekt Bas it geheim fan syn &#8216;echte&#8217; \u00e2lders ek?<br \/>\nL\u00eas it yn &#8216;It geheim fan de see&#8217;.<\/p>\n<p><img loading=\"lazy\" decoding=\"async\" title=\"Image\" src=\"http:\/\/www.tjerkstra.com\/images\/stories\/boeken\/itgeheimfandesee.jpg\" alt=\"Image\" width=\"185\" height=\"283\" border=\"0\" hspace=\"6\" \/><\/td>\n<\/tr>\n<\/tbody>\n<\/table>\n","protected":false},"excerpt":{"rendered":"<p>Rik as br\u00e2nwacht (6-7 jier) yn 1992 Rik wol br\u00e2nwacht wurde. Mar hoe krijst fjoer? Dat wit Rik wol. En hoe makkest de br\u00e2n wer \u00fat? Dat kin Rik ek wol. Hy kin b\u00east by de br\u00e2nwacht. Rik as mollefanger (6-7 jier) yn 1994 Der is in berch yn de s\u00e2nbak. Dy is fan Rik. [&hellip;]<\/p>\n","protected":false},"author":1,"featured_media":0,"comment_status":"closed","ping_status":"closed","sticky":false,"template":"","format":"standard","meta":{"footnotes":""},"categories":[13],"tags":[],"class_list":["post-8855","post","type-post","status-publish","format-standard","hentry","category-berneboeken"],"_links":{"self":[{"href":"https:\/\/tjerkstra.com\/wordpress\/wp-json\/wp\/v2\/posts\/8855","targetHints":{"allow":["GET"]}}],"collection":[{"href":"https:\/\/tjerkstra.com\/wordpress\/wp-json\/wp\/v2\/posts"}],"about":[{"href":"https:\/\/tjerkstra.com\/wordpress\/wp-json\/wp\/v2\/types\/post"}],"author":[{"embeddable":true,"href":"https:\/\/tjerkstra.com\/wordpress\/wp-json\/wp\/v2\/users\/1"}],"replies":[{"embeddable":true,"href":"https:\/\/tjerkstra.com\/wordpress\/wp-json\/wp\/v2\/comments?post=8855"}],"version-history":[{"count":30,"href":"https:\/\/tjerkstra.com\/wordpress\/wp-json\/wp\/v2\/posts\/8855\/revisions"}],"predecessor-version":[{"id":8901,"href":"https:\/\/tjerkstra.com\/wordpress\/wp-json\/wp\/v2\/posts\/8855\/revisions\/8901"}],"wp:attachment":[{"href":"https:\/\/tjerkstra.com\/wordpress\/wp-json\/wp\/v2\/media?parent=8855"}],"wp:term":[{"taxonomy":"category","embeddable":true,"href":"https:\/\/tjerkstra.com\/wordpress\/wp-json\/wp\/v2\/categories?post=8855"},{"taxonomy":"post_tag","embeddable":true,"href":"https:\/\/tjerkstra.com\/wordpress\/wp-json\/wp\/v2\/tags?post=8855"}],"curies":[{"name":"wp","href":"https:\/\/api.w.org\/{rel}","templated":true}]}}