{"id":664,"date":"2016-09-25T18:34:11","date_gmt":"2016-09-25T18:34:11","guid":{"rendered":"http:\/\/www.tjerkstra.com\/wordpress\/?p=664"},"modified":"2016-09-25T18:34:11","modified_gmt":"2016-09-25T18:34:11","slug":"om-de-begraffenis-hinne","status":"publish","type":"post","link":"https:\/\/tjerkstra.com\/wordpress\/lyrysk-deiboek\/om-de-begraffenis-hinne\/","title":{"rendered":"Om de begraffenis hinne"},"content":{"rendered":"<table class=\"contentpaneopen\">\n<tbody>\n<tr>\n<td class=\"contentheading\" width=\"100%\"><\/td>\n<td class=\"buttonheading\" align=\"right\" width=\"100%\"><a title=\"PDF\"> <img decoding=\"async\" src=\"http:\/\/www.tjerkstra.com\/images\/M_images\/pdf_button.png\" alt=\"PDF\" name=\"image\" align=\"middle\" border=\"0\" \/> <\/a><\/td>\n<td class=\"buttonheading\" align=\"right\" width=\"100%\"><a title=\"Print\"> <img decoding=\"async\" src=\"http:\/\/www.tjerkstra.com\/images\/M_images\/printButton.png\" alt=\"Print\" name=\"image\" align=\"middle\" border=\"0\" \/> <\/a><\/td>\n<td class=\"buttonheading\" align=\"right\" width=\"100%\"><a title=\"E-mail\"> <img decoding=\"async\" src=\"http:\/\/www.tjerkstra.com\/images\/M_images\/emailButton.png\" alt=\"E-mail\" name=\"image\" align=\"middle\" border=\"0\" \/> <\/a><\/td>\n<\/tr>\n<\/tbody>\n<\/table>\n<table class=\"contentpaneopen\">\n<tbody>\n<tr>\n<td colspan=\"2\" valign=\"top\">Wiene der noch mear dy moarn<br \/>\nfan de begraffenis as oars:<br \/>\nde krie\u00ebn oan it sjongen<br \/>\nmei t\u00fbzen stimmen trochinoar,<br \/>\nyn &#8217;t fleanen l\u00fbd nei hegerop,<br \/>\nwer op &#8216;e t\u00fbken del en dimmen,<br \/>\nit wiene folle mear as oars<br \/>\ndy iere moarn, want heit wie stoarn.<\/p>\n<p><img loading=\"lazy\" decoding=\"async\" title=\"Image\" src=\"http:\/\/www.tjerkstra.com\/images\/stories\/deiboek\/ynternet_100_1858.jpg\" alt=\"Image\" width=\"450\" height=\"338\" border=\"0\" hspace=\"6\" \/><\/p>\n<p>Op it h\u00f4f wie hjoed gjin krie,<br \/>\nin deadske stilte lykas oars,<br \/>\nby &#8217;t rinnen inkeld mongen<br \/>\nmei l\u00fbden fan it kriezend grint<br \/>\noant by it gr\u00eaf de stille rop<br \/>\nfan tuorrebouten mei de stimmen<br \/>\nfan giele plompen: heit syn skip,<br \/>\ndat hjoed oan &#8217;t modderfarren wie.<\/p>\n<p><img loading=\"lazy\" decoding=\"async\" title=\"Image\" src=\"http:\/\/www.tjerkstra.com\/images\/stories\/deiboek\/ynternet_100_1861.jpg\" alt=\"Image\" width=\"450\" height=\"338\" border=\"0\" hspace=\"6\" \/><\/td>\n<\/tr>\n<\/tbody>\n<\/table>\n","protected":false},"excerpt":{"rendered":"<p>Wiene der noch mear dy moarn fan de begraffenis as oars: de krie\u00ebn oan it sjongen mei t\u00fbzen stimmen trochinoar, yn &#8217;t fleanen l\u00fbd nei hegerop, wer op &#8216;e t\u00fbken del en dimmen, it wiene folle mear as oars dy iere moarn, want heit wie stoarn. Op it h\u00f4f wie hjoed gjin krie, in deadske [&hellip;]<\/p>\n","protected":false},"author":1,"featured_media":0,"comment_status":"closed","ping_status":"closed","sticky":false,"template":"","format":"standard","meta":{"footnotes":""},"categories":[3],"tags":[],"class_list":["post-664","post","type-post","status-publish","format-standard","hentry","category-lyrysk-deiboek"],"_links":{"self":[{"href":"https:\/\/tjerkstra.com\/wordpress\/wp-json\/wp\/v2\/posts\/664","targetHints":{"allow":["GET"]}}],"collection":[{"href":"https:\/\/tjerkstra.com\/wordpress\/wp-json\/wp\/v2\/posts"}],"about":[{"href":"https:\/\/tjerkstra.com\/wordpress\/wp-json\/wp\/v2\/types\/post"}],"author":[{"embeddable":true,"href":"https:\/\/tjerkstra.com\/wordpress\/wp-json\/wp\/v2\/users\/1"}],"replies":[{"embeddable":true,"href":"https:\/\/tjerkstra.com\/wordpress\/wp-json\/wp\/v2\/comments?post=664"}],"version-history":[{"count":1,"href":"https:\/\/tjerkstra.com\/wordpress\/wp-json\/wp\/v2\/posts\/664\/revisions"}],"predecessor-version":[{"id":665,"href":"https:\/\/tjerkstra.com\/wordpress\/wp-json\/wp\/v2\/posts\/664\/revisions\/665"}],"wp:attachment":[{"href":"https:\/\/tjerkstra.com\/wordpress\/wp-json\/wp\/v2\/media?parent=664"}],"wp:term":[{"taxonomy":"category","embeddable":true,"href":"https:\/\/tjerkstra.com\/wordpress\/wp-json\/wp\/v2\/categories?post=664"},{"taxonomy":"post_tag","embeddable":true,"href":"https:\/\/tjerkstra.com\/wordpress\/wp-json\/wp\/v2\/tags?post=664"}],"curies":[{"name":"wp","href":"https:\/\/api.w.org\/{rel}","templated":true}]}}