{"id":634,"date":"2016-09-24T19:38:49","date_gmt":"2016-09-24T19:38:49","guid":{"rendered":"http:\/\/www.tjerkstra.com\/wordpress\/?p=634"},"modified":"2016-09-24T19:38:49","modified_gmt":"2016-09-24T19:38:49","slug":"wurden-yn-stien","status":"publish","type":"post","link":"https:\/\/tjerkstra.com\/wordpress\/bibelbylden\/wurden-yn-stien\/","title":{"rendered":"Wurden yn stien"},"content":{"rendered":"<table class=\"contentpaneopen\">\n<tbody>\n<tr>\n<td class=\"contentheading\" width=\"100%\"><\/td>\n<td class=\"buttonheading\" align=\"right\" width=\"100%\"><a title=\"PDF\"> <img decoding=\"async\" src=\"http:\/\/www.tjerkstra.com\/images\/M_images\/pdf_button.png\" alt=\"PDF\" name=\"image\" align=\"middle\" border=\"0\" \/> <\/a><\/td>\n<td class=\"buttonheading\" align=\"right\" width=\"100%\"><a title=\"Print\"> <img decoding=\"async\" src=\"http:\/\/www.tjerkstra.com\/images\/M_images\/printButton.png\" alt=\"Print\" name=\"image\" align=\"middle\" border=\"0\" \/> <\/a><\/td>\n<td class=\"buttonheading\" align=\"right\" width=\"100%\"><a title=\"E-mail\"> <img decoding=\"async\" src=\"http:\/\/www.tjerkstra.com\/images\/M_images\/emailButton.png\" alt=\"E-mail\" name=\"image\" align=\"middle\" border=\"0\" \/> <\/a><\/td>\n<\/tr>\n<\/tbody>\n<\/table>\n<table class=\"contentpaneopen\">\n<tbody>\n<tr>\n<td colspan=\"2\" valign=\"top\">fan Rafa\u00ebls r\u00fbnte*<br \/>\nAl trije moannen ha se r\u00fbn,<br \/>\nnet langer \u00fbnder &#8217;t slavejok,<br \/>\nmar frij om fier te gean,<br \/>\nde kneppel waard in gongelstok,<br \/>\nynienen bliuwt dy stean.<\/p>\n<p>In berch riist as in teken op:<br \/>\nnet fierder, want hjir giet it oan,<br \/>\nsjoch Mozes yn de klim<br \/>\nfier boppe &#8217;t folk, hy wit it skoan,<br \/>\nde Iene ropt hjoed him.<\/p>\n<p>Nei trije dagen skokt de gr\u00fbn,<br \/>\nde wjerljocht flitst, de tonger beart,<br \/>\nde Iene ropt hjoed sa,<br \/>\nwol dat it folk de Wurden leart,<br \/>\nHy komt op Mozes ta.<\/p>\n<p>De Iene sprekt fan ien oant tsien<br \/>\nop stien, en rikt dy Mozes oan,<br \/>\nop elke earm komt ien,<br \/>\nde reek l\u00fbkt op, der klinkt in hoarn,<br \/>\nit oangean is no dien.<\/p>\n<p><img loading=\"lazy\" decoding=\"async\" title=\"Image\" src=\"http:\/\/www.tjerkstra.com\/images\/stories\/deiboek6\/tn_scan118.jpg\" alt=\"Image\" width=\"450\" height=\"308\" border=\"0\" hspace=\"6\" \/><\/p>\n<p><em>* R\u00fbnte om Rafa\u00ebl hinne (begjin sechtjinde ieu)<br \/>\nFresko yn de Fatikaanske loggia&#8217;s <\/em><\/td>\n<\/tr>\n<\/tbody>\n<\/table>\n","protected":false},"excerpt":{"rendered":"<p>fan Rafa\u00ebls r\u00fbnte* Al trije moannen ha se r\u00fbn, net langer \u00fbnder &#8217;t slavejok, mar frij om fier te gean, de kneppel waard in gongelstok, ynienen bliuwt dy stean. In berch riist as in teken op: net fierder, want hjir giet it oan, sjoch Mozes yn de klim fier boppe &#8217;t folk, hy wit it [&hellip;]<\/p>\n","protected":false},"author":1,"featured_media":0,"comment_status":"closed","ping_status":"closed","sticky":false,"template":"","format":"standard","meta":{"footnotes":""},"categories":[4],"tags":[],"class_list":["post-634","post","type-post","status-publish","format-standard","hentry","category-bibelbylden"],"_links":{"self":[{"href":"https:\/\/tjerkstra.com\/wordpress\/wp-json\/wp\/v2\/posts\/634","targetHints":{"allow":["GET"]}}],"collection":[{"href":"https:\/\/tjerkstra.com\/wordpress\/wp-json\/wp\/v2\/posts"}],"about":[{"href":"https:\/\/tjerkstra.com\/wordpress\/wp-json\/wp\/v2\/types\/post"}],"author":[{"embeddable":true,"href":"https:\/\/tjerkstra.com\/wordpress\/wp-json\/wp\/v2\/users\/1"}],"replies":[{"embeddable":true,"href":"https:\/\/tjerkstra.com\/wordpress\/wp-json\/wp\/v2\/comments?post=634"}],"version-history":[{"count":1,"href":"https:\/\/tjerkstra.com\/wordpress\/wp-json\/wp\/v2\/posts\/634\/revisions"}],"predecessor-version":[{"id":635,"href":"https:\/\/tjerkstra.com\/wordpress\/wp-json\/wp\/v2\/posts\/634\/revisions\/635"}],"wp:attachment":[{"href":"https:\/\/tjerkstra.com\/wordpress\/wp-json\/wp\/v2\/media?parent=634"}],"wp:term":[{"taxonomy":"category","embeddable":true,"href":"https:\/\/tjerkstra.com\/wordpress\/wp-json\/wp\/v2\/categories?post=634"},{"taxonomy":"post_tag","embeddable":true,"href":"https:\/\/tjerkstra.com\/wordpress\/wp-json\/wp\/v2\/tags?post=634"}],"curies":[{"name":"wp","href":"https:\/\/api.w.org\/{rel}","templated":true}]}}