{"id":6019,"date":"2016-11-02T20:26:46","date_gmt":"2016-11-02T20:26:46","guid":{"rendered":"http:\/\/www.tjerkstra.com\/wordpress\/?p=6019"},"modified":"2016-11-02T20:26:46","modified_gmt":"2016-11-02T20:26:46","slug":"eleonora","status":"publish","type":"post","link":"https:\/\/tjerkstra.com\/wordpress\/keunst\/eleonora\/","title":{"rendered":"Eleonora"},"content":{"rendered":"<table class=\"contentpaneopen\">\n<tbody>\n<tr>\n<td class=\"contentheading\" width=\"100%\"><\/td>\n<td class=\"buttonheading\" align=\"right\" width=\"100%\"><a title=\"PDF\"> <img decoding=\"async\" src=\"http:\/\/www.tjerkstra.com\/images\/M_images\/pdf_button.png\" alt=\"PDF\" name=\"image\" align=\"middle\" border=\"0\" \/> <\/a><\/td>\n<td class=\"buttonheading\" align=\"right\" width=\"100%\"><a title=\"Print\"> <img decoding=\"async\" src=\"http:\/\/www.tjerkstra.com\/images\/M_images\/printButton.png\" alt=\"Print\" name=\"image\" align=\"middle\" border=\"0\" \/> <\/a><\/td>\n<td class=\"buttonheading\" align=\"right\" width=\"100%\"><a title=\"E-mail\"> <img decoding=\"async\" src=\"http:\/\/www.tjerkstra.com\/images\/M_images\/emailButton.png\" alt=\"E-mail\" name=\"image\" align=\"middle\" border=\"0\" \/> <\/a><\/td>\n<\/tr>\n<\/tbody>\n<\/table>\n<table class=\"contentpaneopen\">\n<tbody>\n<tr>\n<td colspan=\"2\" valign=\"top\"><em>fan Jakob Seisenegger*<\/p>\n<p><img loading=\"lazy\" decoding=\"async\" title=\"Image\" src=\"http:\/\/www.tjerkstra.com\/images\/stories\/deiboek5\/tn_img718.jpg\" alt=\"Image\" width=\"347\" height=\"450\" border=\"0\" hspace=\"6\" \/><br \/>\n<\/em><br \/>\nEleonora, jonge frou fan Mantua,<br \/>\njo binne &#8217;t sieraad fan it l\u00e2n,<br \/>\nfan heech kom\u00f4f, de eale st\u00e2n,<br \/>\njo mem keas \u00fat de rike dracht,<br \/>\njo heit woe op &#8217;t panieltsje ta.<\/p>\n<p>Eleonora, sa woe graach de skilder &#8217;t ha:<br \/>\nit gouden kapke op it hier,<br \/>\nde ealstien op as hollesier,<br \/>\nit snoer symboalysk foar de macht,<br \/>\ndo harkest, seachst en lietst it ta.<\/p>\n<p>Noara of Noarke, hoe wolsto it sels graach ha?<br \/>\nFuort mei de ball\u00east om &#8216;e kop,<br \/>\nik set gewoan in m\u00fbtse op,<br \/>\nas famke fan noch lang gjin acht<br \/>\ngean ik myn eigen gong, no sa!<\/p>\n<p><em>* Jakob Seisenegger (sirka 1504-1567)<br \/>\nwie skilder oan it h\u00f4f fan Habsburch.<br \/>\nHy skildere \u00fb.o. keizer Karel V (1532)<br \/>\nen makke fjouwer jier letter<br \/>\nit panieltsje mei Eleonora fan Mantua.<\/em><\/td>\n<\/tr>\n<\/tbody>\n<\/table>\n","protected":false},"excerpt":{"rendered":"<p>fan Jakob Seisenegger* Eleonora, jonge frou fan Mantua, jo binne &#8217;t sieraad fan it l\u00e2n, fan heech kom\u00f4f, de eale st\u00e2n, jo mem keas \u00fat de rike dracht, jo heit woe op &#8217;t panieltsje ta. Eleonora, sa woe graach de skilder &#8217;t ha: it gouden kapke op it hier, de ealstien op as hollesier, it [&hellip;]<\/p>\n","protected":false},"author":1,"featured_media":0,"comment_status":"closed","ping_status":"closed","sticky":false,"template":"","format":"standard","meta":{"footnotes":""},"categories":[6],"tags":[],"class_list":["post-6019","post","type-post","status-publish","format-standard","hentry","category-keunst"],"_links":{"self":[{"href":"https:\/\/tjerkstra.com\/wordpress\/wp-json\/wp\/v2\/posts\/6019","targetHints":{"allow":["GET"]}}],"collection":[{"href":"https:\/\/tjerkstra.com\/wordpress\/wp-json\/wp\/v2\/posts"}],"about":[{"href":"https:\/\/tjerkstra.com\/wordpress\/wp-json\/wp\/v2\/types\/post"}],"author":[{"embeddable":true,"href":"https:\/\/tjerkstra.com\/wordpress\/wp-json\/wp\/v2\/users\/1"}],"replies":[{"embeddable":true,"href":"https:\/\/tjerkstra.com\/wordpress\/wp-json\/wp\/v2\/comments?post=6019"}],"version-history":[{"count":1,"href":"https:\/\/tjerkstra.com\/wordpress\/wp-json\/wp\/v2\/posts\/6019\/revisions"}],"predecessor-version":[{"id":6020,"href":"https:\/\/tjerkstra.com\/wordpress\/wp-json\/wp\/v2\/posts\/6019\/revisions\/6020"}],"wp:attachment":[{"href":"https:\/\/tjerkstra.com\/wordpress\/wp-json\/wp\/v2\/media?parent=6019"}],"wp:term":[{"taxonomy":"category","embeddable":true,"href":"https:\/\/tjerkstra.com\/wordpress\/wp-json\/wp\/v2\/categories?post=6019"},{"taxonomy":"post_tag","embeddable":true,"href":"https:\/\/tjerkstra.com\/wordpress\/wp-json\/wp\/v2\/tags?post=6019"}],"curies":[{"name":"wp","href":"https:\/\/api.w.org\/{rel}","templated":true}]}}