{"id":6011,"date":"2016-11-02T20:22:50","date_gmt":"2016-11-02T20:22:50","guid":{"rendered":"http:\/\/www.tjerkstra.com\/wordpress\/?p=6011"},"modified":"2016-11-02T20:22:50","modified_gmt":"2016-11-02T20:22:50","slug":"tekenseal-fan-felix-meritis","status":"publish","type":"post","link":"https:\/\/tjerkstra.com\/wordpress\/keunst\/tekenseal-fan-felix-meritis\/","title":{"rendered":"Tekenseal fan Felix Meritis*"},"content":{"rendered":"<table class=\"contentpaneopen\">\n<tbody>\n<tr>\n<td class=\"contentheading\" width=\"100%\"><\/td>\n<td class=\"buttonheading\" align=\"right\" width=\"100%\"><a title=\"PDF\"> <img decoding=\"async\" src=\"http:\/\/www.tjerkstra.com\/images\/M_images\/pdf_button.png\" alt=\"PDF\" name=\"image\" align=\"middle\" border=\"0\" \/> <\/a><\/td>\n<td class=\"buttonheading\" align=\"right\" width=\"100%\"><a title=\"Print\"> <img decoding=\"async\" src=\"http:\/\/www.tjerkstra.com\/images\/M_images\/printButton.png\" alt=\"Print\" name=\"image\" align=\"middle\" border=\"0\" \/> <\/a><\/td>\n<td class=\"buttonheading\" align=\"right\" width=\"100%\"><a title=\"E-mail\"> <img decoding=\"async\" src=\"http:\/\/www.tjerkstra.com\/images\/M_images\/emailButton.png\" alt=\"E-mail\" name=\"image\" align=\"middle\" border=\"0\" \/> <\/a><\/td>\n<\/tr>\n<\/tbody>\n<\/table>\n<table class=\"contentpaneopen\">\n<tbody>\n<tr>\n<td colspan=\"2\" valign=\"top\"><em>fan Adriaan de Lelie**<br \/>\n<\/em><br \/>\n<img loading=\"lazy\" decoding=\"async\" title=\"Image\" src=\"http:\/\/www.tjerkstra.com\/images\/stories\/deiboek5\/tn_img706.jpg\" alt=\"Image\" width=\"450\" height=\"334\" border=\"0\" hspace=\"6\" \/><\/p>\n<p>Wa hie gjin bylden fan de tekenseal<br \/>\nyn &#8217;t h\u00fbs fan &#8216;Lokkich troch Fertsjinste&#8217;<br \/>\nd\u00ear&#8217;t it kulturele folk fan Amsterdam<br \/>\nkaam foar de keunsten en de winsten?<\/p>\n<p>Sjed\u00ear de keapman sk\u00f4gjend doek en print,<br \/>\ndy&#8217;t freget: &#8216;Wat wurdt myn fertsjinste?&#8217;<br \/>\nSaaklik sjocht er &#8217;t keunststik oan, net op in sint,<br \/>\nop keunstgebiet is hy de minste.<\/p>\n<p>Sjed\u00ear de samler sk\u00f4gjend print en doek,<br \/>\ndy&#8217;t ynfloed ha op djippe tinzen,<br \/>\nsaaklik skriuwt er alle stikken yn syn boek,<br \/>\nit keunstbeh\u00e2ld is syn fertsjinste.<\/p>\n<p>Sjed\u00ear de keunstner mei syn r\u00fbn palet,<br \/>\nyn &#8217;t b\u00fbnte selskip net de minste,<br \/>\nrealistysk hat er earste streken set<br \/>\nnoch s\u00fbnder each foar syn fertsjinste.<\/p>\n<p>Wa&#8217;t lykwols sit as byld sa gl\u00ead en eal,<br \/>\nin Grykske god mei hege tinzen,<br \/>\nis de jonge Felix, soan fan Amsterdam,<br \/>\ndy&#8217;t lokkich is troch syn fertsjinste.<\/p>\n<p><em>* Lokkich troch Fertsjinste<\/p>\n<p>** Adriaan de Lelie (1755-1820)<br \/>\nlei him foaral ta op it skilderjen<br \/>\nfan portretten.<br \/>\n<\/em><\/td>\n<\/tr>\n<\/tbody>\n<\/table>\n","protected":false},"excerpt":{"rendered":"<p>fan Adriaan de Lelie** Wa hie gjin bylden fan de tekenseal yn &#8217;t h\u00fbs fan &#8216;Lokkich troch Fertsjinste&#8217; d\u00ear&#8217;t it kulturele folk fan Amsterdam kaam foar de keunsten en de winsten? Sjed\u00ear de keapman sk\u00f4gjend doek en print, dy&#8217;t freget: &#8216;Wat wurdt myn fertsjinste?&#8217; Saaklik sjocht er &#8217;t keunststik oan, net op in sint, op [&hellip;]<\/p>\n","protected":false},"author":1,"featured_media":0,"comment_status":"closed","ping_status":"closed","sticky":false,"template":"","format":"standard","meta":{"footnotes":""},"categories":[6],"tags":[],"class_list":["post-6011","post","type-post","status-publish","format-standard","hentry","category-keunst"],"_links":{"self":[{"href":"https:\/\/tjerkstra.com\/wordpress\/wp-json\/wp\/v2\/posts\/6011","targetHints":{"allow":["GET"]}}],"collection":[{"href":"https:\/\/tjerkstra.com\/wordpress\/wp-json\/wp\/v2\/posts"}],"about":[{"href":"https:\/\/tjerkstra.com\/wordpress\/wp-json\/wp\/v2\/types\/post"}],"author":[{"embeddable":true,"href":"https:\/\/tjerkstra.com\/wordpress\/wp-json\/wp\/v2\/users\/1"}],"replies":[{"embeddable":true,"href":"https:\/\/tjerkstra.com\/wordpress\/wp-json\/wp\/v2\/comments?post=6011"}],"version-history":[{"count":1,"href":"https:\/\/tjerkstra.com\/wordpress\/wp-json\/wp\/v2\/posts\/6011\/revisions"}],"predecessor-version":[{"id":6012,"href":"https:\/\/tjerkstra.com\/wordpress\/wp-json\/wp\/v2\/posts\/6011\/revisions\/6012"}],"wp:attachment":[{"href":"https:\/\/tjerkstra.com\/wordpress\/wp-json\/wp\/v2\/media?parent=6011"}],"wp:term":[{"taxonomy":"category","embeddable":true,"href":"https:\/\/tjerkstra.com\/wordpress\/wp-json\/wp\/v2\/categories?post=6011"},{"taxonomy":"post_tag","embeddable":true,"href":"https:\/\/tjerkstra.com\/wordpress\/wp-json\/wp\/v2\/tags?post=6011"}],"curies":[{"name":"wp","href":"https:\/\/api.w.org\/{rel}","templated":true}]}}