{"id":6002,"date":"2016-11-02T20:17:30","date_gmt":"2016-11-02T20:17:30","guid":{"rendered":"http:\/\/www.tjerkstra.com\/wordpress\/?p=6002"},"modified":"2016-11-02T20:17:30","modified_gmt":"2016-11-02T20:17:30","slug":"antoinette","status":"publish","type":"post","link":"https:\/\/tjerkstra.com\/wordpress\/keunst\/antoinette\/","title":{"rendered":"Antoinette"},"content":{"rendered":"<table class=\"contentpaneopen\">\n<tbody>\n<tr>\n<td class=\"contentheading\" width=\"100%\"><\/td>\n<td class=\"buttonheading\" align=\"right\" width=\"100%\"><a title=\"PDF\"> <img decoding=\"async\" src=\"http:\/\/www.tjerkstra.com\/images\/M_images\/pdf_button.png\" alt=\"PDF\" name=\"image\" align=\"middle\" border=\"0\" \/> <\/a><\/td>\n<td class=\"buttonheading\" align=\"right\" width=\"100%\"><a title=\"Print\"> <img decoding=\"async\" src=\"http:\/\/www.tjerkstra.com\/images\/M_images\/printButton.png\" alt=\"Print\" name=\"image\" align=\"middle\" border=\"0\" \/> <\/a><\/td>\n<td class=\"buttonheading\" align=\"right\" width=\"100%\"><a title=\"E-mail\"> <img decoding=\"async\" src=\"http:\/\/www.tjerkstra.com\/images\/M_images\/emailButton.png\" alt=\"E-mail\" name=\"image\" align=\"middle\" border=\"0\" \/> <\/a><\/td>\n<\/tr>\n<\/tbody>\n<\/table>\n<table class=\"contentpaneopen\">\n<tbody>\n<tr>\n<td colspan=\"2\" valign=\"top\"><em>fan George van der Mijn*<\/p>\n<p><img loading=\"lazy\" decoding=\"async\" title=\"Image\" src=\"http:\/\/www.tjerkstra.com\/images\/stories\/deiboek4\/tn_img681.jpg\" alt=\"Image\" width=\"335\" height=\"450\" border=\"0\" hspace=\"6\" \/><br \/>\n<\/em><br \/>\nSe woene ha dat Antoinette<br \/>\nfoar de ivichheid bewarre bleau:<br \/>\nsy wie te \u00e2ld foar houlikslok<br \/>\nen hearde nea in berneskreau,<br \/>\ndat sy waard yn de ferve setten.<\/p>\n<p>De kleuren wiene net oerdiedich,<br \/>\nwant de ienf\u00e2ld striele fan har \u00f4f,<br \/>\nit hier siet stiif en s\u00fbnder lok,<br \/>\nde eagen blonken br\u00fan of blau,<br \/>\nit h\u00fbntsje wie mei har ienriedich.<\/p>\n<p>Har bern, it moast ek yn de ferve,<br \/>\nwol twakleurich, want se tocht swart-wyt,<br \/>\nd\u00ear siet er dan, har iennichst lok;<br \/>\ntwa haadpersoanen stiene kyt<br \/>\nen as sy dea wie, soe hy erve.<\/p>\n<p><em>* George van der Mijn (1723-1763)<br \/>\n<\/em><em>waard yn Ingel\u00e2n berne en festige<br \/>\nhim foar syn tweintichste as skilder<br \/>\nyn Amsterdam.<\/em><\/td>\n<\/tr>\n<\/tbody>\n<\/table>\n","protected":false},"excerpt":{"rendered":"<p>fan George van der Mijn* Se woene ha dat Antoinette foar de ivichheid bewarre bleau: sy wie te \u00e2ld foar houlikslok en hearde nea in berneskreau, dat sy waard yn de ferve setten. De kleuren wiene net oerdiedich, want de ienf\u00e2ld striele fan har \u00f4f, it hier siet stiif en s\u00fbnder lok, de eagen blonken [&hellip;]<\/p>\n","protected":false},"author":1,"featured_media":0,"comment_status":"closed","ping_status":"closed","sticky":false,"template":"","format":"standard","meta":{"footnotes":""},"categories":[6],"tags":[],"class_list":["post-6002","post","type-post","status-publish","format-standard","hentry","category-keunst"],"_links":{"self":[{"href":"https:\/\/tjerkstra.com\/wordpress\/wp-json\/wp\/v2\/posts\/6002","targetHints":{"allow":["GET"]}}],"collection":[{"href":"https:\/\/tjerkstra.com\/wordpress\/wp-json\/wp\/v2\/posts"}],"about":[{"href":"https:\/\/tjerkstra.com\/wordpress\/wp-json\/wp\/v2\/types\/post"}],"author":[{"embeddable":true,"href":"https:\/\/tjerkstra.com\/wordpress\/wp-json\/wp\/v2\/users\/1"}],"replies":[{"embeddable":true,"href":"https:\/\/tjerkstra.com\/wordpress\/wp-json\/wp\/v2\/comments?post=6002"}],"version-history":[{"count":1,"href":"https:\/\/tjerkstra.com\/wordpress\/wp-json\/wp\/v2\/posts\/6002\/revisions"}],"predecessor-version":[{"id":6003,"href":"https:\/\/tjerkstra.com\/wordpress\/wp-json\/wp\/v2\/posts\/6002\/revisions\/6003"}],"wp:attachment":[{"href":"https:\/\/tjerkstra.com\/wordpress\/wp-json\/wp\/v2\/media?parent=6002"}],"wp:term":[{"taxonomy":"category","embeddable":true,"href":"https:\/\/tjerkstra.com\/wordpress\/wp-json\/wp\/v2\/categories?post=6002"},{"taxonomy":"post_tag","embeddable":true,"href":"https:\/\/tjerkstra.com\/wordpress\/wp-json\/wp\/v2\/tags?post=6002"}],"curies":[{"name":"wp","href":"https:\/\/api.w.org\/{rel}","templated":true}]}}