{"id":5965,"date":"2016-11-02T19:59:25","date_gmt":"2016-11-02T19:59:25","guid":{"rendered":"http:\/\/www.tjerkstra.com\/wordpress\/?p=5965"},"modified":"2016-11-02T19:59:25","modified_gmt":"2016-11-02T19:59:25","slug":"blynkapen","status":"publish","type":"post","link":"https:\/\/tjerkstra.com\/wordpress\/lyrysk-deiboek\/blynkapen\/","title":{"rendered":"Blynkapen"},"content":{"rendered":"<table class=\"contentpaneopen\">\n<tbody>\n<tr>\n<td class=\"contentheading\" width=\"100%\"><\/td>\n<td class=\"buttonheading\" align=\"right\" width=\"100%\"><a title=\"PDF\"> <img decoding=\"async\" src=\"http:\/\/www.tjerkstra.com\/images\/M_images\/pdf_button.png\" alt=\"PDF\" name=\"image\" align=\"middle\" border=\"0\" \/> <\/a><\/td>\n<td class=\"buttonheading\" align=\"right\" width=\"100%\"><a title=\"Print\"> <img decoding=\"async\" src=\"http:\/\/www.tjerkstra.com\/images\/M_images\/printButton.png\" alt=\"Print\" name=\"image\" align=\"middle\" border=\"0\" \/> <\/a><\/td>\n<td class=\"buttonheading\" align=\"right\" width=\"100%\"><a title=\"E-mail\"> <img decoding=\"async\" src=\"http:\/\/www.tjerkstra.com\/images\/M_images\/emailButton.png\" alt=\"E-mail\" name=\"image\" align=\"middle\" border=\"0\" \/> <\/a><\/td>\n<\/tr>\n<\/tbody>\n<\/table>\n<table class=\"contentpaneopen\">\n<tbody>\n<tr>\n<td colspan=\"2\" valign=\"top\"><img loading=\"lazy\" decoding=\"async\" title=\"Image\" src=\"http:\/\/www.tjerkstra.com\/images\/stories\/deiboek5\/tn_img_8204.jpg\" alt=\"Image\" width=\"450\" height=\"384\" border=\"0\" hspace=\"6\" \/><\/p>\n<p>Se fjouwerje troch &#8217;t hiele l\u00e2n<br \/>\nen wrinzgje har de str\u00f4te stikken<br \/>\nmei deselde gjalpen fan komsa,<br \/>\nelk bringt it eigen\u00a0 punt ta st\u00e2n,<br \/>\nwant br\u00fan en swart, it bliuwe ikken.<\/p>\n<p>Se bliuwe stean op &#8217;t eigen plak,<br \/>\nde ien noch f\u00easter as de oare,<br \/>\nelk wol graach it sterke foartou ha<br \/>\nen l\u00fbkt it spultsje \u00fbnderdak<br \/>\nom d\u00earmei op syn heechst te scoren.<\/p>\n<p>Se stoarje oer it hiele l\u00e2n<br \/>\nen wat se sjogge, kin men witte<br \/>\noan de kape foar de eachopslach,<br \/>\ngjin helder byld komt sa ta st\u00e2n,<br \/>\nmar wa kin d\u00ear hjoed noch mei sitte.<\/p>\n<p><img loading=\"lazy\" decoding=\"async\" title=\"Image\" src=\"http:\/\/www.tjerkstra.com\/images\/stories\/deiboek5\/tn_img_8209.jpg\" alt=\"Image\" width=\"450\" height=\"338\" border=\"0\" hspace=\"6\" \/><\/td>\n<\/tr>\n<\/tbody>\n<\/table>\n","protected":false},"excerpt":{"rendered":"<p>Se fjouwerje troch &#8217;t hiele l\u00e2n en wrinzgje har de str\u00f4te stikken mei deselde gjalpen fan komsa, elk bringt it eigen\u00a0 punt ta st\u00e2n, want br\u00fan en swart, it bliuwe ikken. Se bliuwe stean op &#8217;t eigen plak, de ien noch f\u00easter as de oare, elk wol graach it sterke foartou ha en l\u00fbkt it [&hellip;]<\/p>\n","protected":false},"author":1,"featured_media":0,"comment_status":"closed","ping_status":"closed","sticky":false,"template":"","format":"standard","meta":{"footnotes":""},"categories":[3],"tags":[],"class_list":["post-5965","post","type-post","status-publish","format-standard","hentry","category-lyrysk-deiboek"],"_links":{"self":[{"href":"https:\/\/tjerkstra.com\/wordpress\/wp-json\/wp\/v2\/posts\/5965","targetHints":{"allow":["GET"]}}],"collection":[{"href":"https:\/\/tjerkstra.com\/wordpress\/wp-json\/wp\/v2\/posts"}],"about":[{"href":"https:\/\/tjerkstra.com\/wordpress\/wp-json\/wp\/v2\/types\/post"}],"author":[{"embeddable":true,"href":"https:\/\/tjerkstra.com\/wordpress\/wp-json\/wp\/v2\/users\/1"}],"replies":[{"embeddable":true,"href":"https:\/\/tjerkstra.com\/wordpress\/wp-json\/wp\/v2\/comments?post=5965"}],"version-history":[{"count":1,"href":"https:\/\/tjerkstra.com\/wordpress\/wp-json\/wp\/v2\/posts\/5965\/revisions"}],"predecessor-version":[{"id":5966,"href":"https:\/\/tjerkstra.com\/wordpress\/wp-json\/wp\/v2\/posts\/5965\/revisions\/5966"}],"wp:attachment":[{"href":"https:\/\/tjerkstra.com\/wordpress\/wp-json\/wp\/v2\/media?parent=5965"}],"wp:term":[{"taxonomy":"category","embeddable":true,"href":"https:\/\/tjerkstra.com\/wordpress\/wp-json\/wp\/v2\/categories?post=5965"},{"taxonomy":"post_tag","embeddable":true,"href":"https:\/\/tjerkstra.com\/wordpress\/wp-json\/wp\/v2\/tags?post=5965"}],"curies":[{"name":"wp","href":"https:\/\/api.w.org\/{rel}","templated":true}]}}