{"id":5773,"date":"2016-11-01T20:18:39","date_gmt":"2016-11-01T20:18:39","guid":{"rendered":"http:\/\/www.tjerkstra.com\/wordpress\/?p=5773"},"modified":"2016-11-01T20:18:39","modified_gmt":"2016-11-01T20:18:39","slug":"alvemarretocht","status":"publish","type":"post","link":"https:\/\/tjerkstra.com\/wordpress\/lyrysk-deiboek\/alvemarretocht\/","title":{"rendered":"Alvemarretocht"},"content":{"rendered":"<table class=\"contentpaneopen\">\n<tbody>\n<tr>\n<td class=\"contentheading\" width=\"100%\"><\/td>\n<td class=\"buttonheading\" align=\"right\" width=\"100%\"><a title=\"PDF\"> <img decoding=\"async\" src=\"http:\/\/www.tjerkstra.com\/images\/M_images\/pdf_button.png\" alt=\"PDF\" name=\"image\" align=\"middle\" border=\"0\" \/> <\/a><\/td>\n<td class=\"buttonheading\" align=\"right\" width=\"100%\"><a title=\"Print\"> <img decoding=\"async\" src=\"http:\/\/www.tjerkstra.com\/images\/M_images\/printButton.png\" alt=\"Print\" name=\"image\" align=\"middle\" border=\"0\" \/> <\/a><\/td>\n<td class=\"buttonheading\" align=\"right\" width=\"100%\"><a title=\"E-mail\"> <img decoding=\"async\" src=\"http:\/\/www.tjerkstra.com\/images\/M_images\/emailButton.png\" alt=\"E-mail\" name=\"image\" align=\"middle\" border=\"0\" \/> <\/a><\/td>\n<\/tr>\n<\/tbody>\n<\/table>\n<table class=\"contentpaneopen\">\n<tbody>\n<tr>\n<td colspan=\"2\" valign=\"top\"><img loading=\"lazy\" decoding=\"async\" title=\"Image\" src=\"http:\/\/www.tjerkstra.com\/images\/stories\/deiboek5\/tn_img_7124.jpg\" alt=\"Image\" width=\"450\" height=\"338\" border=\"0\" hspace=\"6\" \/><\/p>\n<p>Kin in moarn noch moaier w\u00eaze<br \/>\nas it blomte wekker wurdt?<br \/>\nDe kr\u00fbden piipje &#8217;t wite liet,<br \/>\nr\u00fbnom is &#8217;t b\u00fbtermerk te l\u00eazen,<br \/>\nwylst in frommes mei de flagge stiet.<\/p>\n<p>Mei har kleuren lit se witte<br \/>\ndat se &#8217;t foar de maitiid docht<br \/>\nsa ier en strieljend yn de moarn,<br \/>\nse kin har mei de blommen mjitte,<br \/>\nmar de flagge falt wol \u00fat &#8216;e toan.<\/p>\n<p>Dan beweecht se beide earmen<br \/>\nwylst it read him no bewiist<br \/>\nfoar fytsers boppe &#8217;t b\u00fbgde stjoer.<br \/>\nWa hat noch each foar kleur yn bermen?<br \/>\nYn de fierte wankt de Jouster toer.<\/p>\n<p><img loading=\"lazy\" decoding=\"async\" title=\"Image\" src=\"http:\/\/www.tjerkstra.com\/images\/stories\/deiboek5\/tn_img_7125.jpg\" alt=\"Image\" width=\"450\" height=\"367\" border=\"0\" hspace=\"6\" \/><\/td>\n<\/tr>\n<\/tbody>\n<\/table>\n","protected":false},"excerpt":{"rendered":"<p>Kin in moarn noch moaier w\u00eaze as it blomte wekker wurdt? De kr\u00fbden piipje &#8217;t wite liet, r\u00fbnom is &#8217;t b\u00fbtermerk te l\u00eazen, wylst in frommes mei de flagge stiet. Mei har kleuren lit se witte dat se &#8217;t foar de maitiid docht sa ier en strieljend yn de moarn, se kin har mei de [&hellip;]<\/p>\n","protected":false},"author":1,"featured_media":0,"comment_status":"closed","ping_status":"closed","sticky":false,"template":"","format":"standard","meta":{"footnotes":""},"categories":[3],"tags":[],"class_list":["post-5773","post","type-post","status-publish","format-standard","hentry","category-lyrysk-deiboek"],"_links":{"self":[{"href":"https:\/\/tjerkstra.com\/wordpress\/wp-json\/wp\/v2\/posts\/5773","targetHints":{"allow":["GET"]}}],"collection":[{"href":"https:\/\/tjerkstra.com\/wordpress\/wp-json\/wp\/v2\/posts"}],"about":[{"href":"https:\/\/tjerkstra.com\/wordpress\/wp-json\/wp\/v2\/types\/post"}],"author":[{"embeddable":true,"href":"https:\/\/tjerkstra.com\/wordpress\/wp-json\/wp\/v2\/users\/1"}],"replies":[{"embeddable":true,"href":"https:\/\/tjerkstra.com\/wordpress\/wp-json\/wp\/v2\/comments?post=5773"}],"version-history":[{"count":1,"href":"https:\/\/tjerkstra.com\/wordpress\/wp-json\/wp\/v2\/posts\/5773\/revisions"}],"predecessor-version":[{"id":5774,"href":"https:\/\/tjerkstra.com\/wordpress\/wp-json\/wp\/v2\/posts\/5773\/revisions\/5774"}],"wp:attachment":[{"href":"https:\/\/tjerkstra.com\/wordpress\/wp-json\/wp\/v2\/media?parent=5773"}],"wp:term":[{"taxonomy":"category","embeddable":true,"href":"https:\/\/tjerkstra.com\/wordpress\/wp-json\/wp\/v2\/categories?post=5773"},{"taxonomy":"post_tag","embeddable":true,"href":"https:\/\/tjerkstra.com\/wordpress\/wp-json\/wp\/v2\/tags?post=5773"}],"curies":[{"name":"wp","href":"https:\/\/api.w.org\/{rel}","templated":true}]}}