{"id":5736,"date":"2016-11-01T20:01:48","date_gmt":"2016-11-01T20:01:48","guid":{"rendered":"http:\/\/www.tjerkstra.com\/wordpress\/?p=5736"},"modified":"2016-11-01T20:01:48","modified_gmt":"2016-11-01T20:01:48","slug":"ferhege","status":"publish","type":"post","link":"https:\/\/tjerkstra.com\/wordpress\/lyrysk-deiboek\/ferhege\/","title":{"rendered":"Ferhege"},"content":{"rendered":"<table class=\"contentpaneopen\">\n<tbody>\n<tr>\n<td class=\"contentheading\" width=\"100%\"><\/td>\n<td class=\"buttonheading\" align=\"right\" width=\"100%\"><a title=\"PDF\"> <img decoding=\"async\" src=\"http:\/\/www.tjerkstra.com\/images\/M_images\/pdf_button.png\" alt=\"PDF\" name=\"image\" align=\"middle\" border=\"0\" \/> <\/a><\/td>\n<td class=\"buttonheading\" align=\"right\" width=\"100%\"><a title=\"Print\"> <img decoding=\"async\" src=\"http:\/\/www.tjerkstra.com\/images\/M_images\/printButton.png\" alt=\"Print\" name=\"image\" align=\"middle\" border=\"0\" \/> <\/a><\/td>\n<td class=\"buttonheading\" align=\"right\" width=\"100%\"><a title=\"E-mail\"> <img decoding=\"async\" src=\"http:\/\/www.tjerkstra.com\/images\/M_images\/emailButton.png\" alt=\"E-mail\" name=\"image\" align=\"middle\" border=\"0\" \/> <\/a><\/td>\n<\/tr>\n<\/tbody>\n<\/table>\n<table class=\"contentpaneopen\">\n<tbody>\n<tr>\n<td colspan=\"2\" valign=\"top\"><img loading=\"lazy\" decoding=\"async\" title=\"Image\" src=\"http:\/\/www.tjerkstra.com\/images\/stories\/deiboek5\/tn_img_6426.jpg\" alt=\"Image\" width=\"450\" height=\"338\" border=\"0\" hspace=\"6\" \/><\/p>\n<p>Jawis, &#8217;t is wier, Hy waard ferhege,<br \/>\nwant syn kr\u00fas stie op &#8216;e hichte<br \/>\nom te stjerren;<br \/>\nsis, hoefolle ha se foar Him stichte,<br \/>\nek op heech Bonaire.<\/p>\n<p>Hy sjocht \u00fat oer see en l\u00e2n,<br \/>\nop lytsen en op grutten,<br \/>\nop s\u00e2lt, koraal en str\u00e2n,<br \/>\nop cruisetoerist en slavehutten.<\/p>\n<p><img loading=\"lazy\" decoding=\"async\" title=\"Image\" src=\"http:\/\/www.tjerkstra.com\/images\/stories\/deiboek5\/tn_img_6416.jpg\" alt=\"Image\" width=\"450\" height=\"338\" border=\"0\" hspace=\"6\" \/><\/p>\n<p>&#8217;t Is stjerrend wier, Hy wurdt ferhege<br \/>\nyn it folk d\u00ear yn de lichte<br \/>\ndy&#8217;t it hearre<br \/>\nwolle, eartiids slaven, hjoed de sljochten,<br \/>\ntroch de macht negearre.<\/td>\n<\/tr>\n<\/tbody>\n<\/table>\n","protected":false},"excerpt":{"rendered":"<p>Jawis, &#8217;t is wier, Hy waard ferhege, want syn kr\u00fas stie op &#8216;e hichte om te stjerren; sis, hoefolle ha se foar Him stichte, ek op heech Bonaire. Hy sjocht \u00fat oer see en l\u00e2n, op lytsen en op grutten, op s\u00e2lt, koraal en str\u00e2n, op cruisetoerist en slavehutten. &#8217;t Is stjerrend wier, Hy wurdt [&hellip;]<\/p>\n","protected":false},"author":1,"featured_media":0,"comment_status":"closed","ping_status":"closed","sticky":false,"template":"","format":"standard","meta":{"footnotes":""},"categories":[3],"tags":[],"class_list":["post-5736","post","type-post","status-publish","format-standard","hentry","category-lyrysk-deiboek"],"_links":{"self":[{"href":"https:\/\/tjerkstra.com\/wordpress\/wp-json\/wp\/v2\/posts\/5736","targetHints":{"allow":["GET"]}}],"collection":[{"href":"https:\/\/tjerkstra.com\/wordpress\/wp-json\/wp\/v2\/posts"}],"about":[{"href":"https:\/\/tjerkstra.com\/wordpress\/wp-json\/wp\/v2\/types\/post"}],"author":[{"embeddable":true,"href":"https:\/\/tjerkstra.com\/wordpress\/wp-json\/wp\/v2\/users\/1"}],"replies":[{"embeddable":true,"href":"https:\/\/tjerkstra.com\/wordpress\/wp-json\/wp\/v2\/comments?post=5736"}],"version-history":[{"count":1,"href":"https:\/\/tjerkstra.com\/wordpress\/wp-json\/wp\/v2\/posts\/5736\/revisions"}],"predecessor-version":[{"id":5737,"href":"https:\/\/tjerkstra.com\/wordpress\/wp-json\/wp\/v2\/posts\/5736\/revisions\/5737"}],"wp:attachment":[{"href":"https:\/\/tjerkstra.com\/wordpress\/wp-json\/wp\/v2\/media?parent=5736"}],"wp:term":[{"taxonomy":"category","embeddable":true,"href":"https:\/\/tjerkstra.com\/wordpress\/wp-json\/wp\/v2\/categories?post=5736"},{"taxonomy":"post_tag","embeddable":true,"href":"https:\/\/tjerkstra.com\/wordpress\/wp-json\/wp\/v2\/tags?post=5736"}],"curies":[{"name":"wp","href":"https:\/\/api.w.org\/{rel}","templated":true}]}}