{"id":5729,"date":"2016-11-01T19:57:52","date_gmt":"2016-11-01T19:57:52","guid":{"rendered":"http:\/\/www.tjerkstra.com\/wordpress\/?p=5729"},"modified":"2016-11-01T19:57:52","modified_gmt":"2016-11-01T19:57:52","slug":"thus-fakansje","status":"publish","type":"post","link":"https:\/\/tjerkstra.com\/wordpress\/lyrysk-deiboek\/thus-fakansje\/","title":{"rendered":"Th\u00fas fak\u00e2nsje"},"content":{"rendered":"<table class=\"contentpaneopen\">\n<tbody>\n<tr>\n<td class=\"contentheading\" width=\"100%\"><\/td>\n<td class=\"buttonheading\" align=\"right\" width=\"100%\"><a title=\"PDF\"> <img decoding=\"async\" src=\"http:\/\/www.tjerkstra.com\/images\/M_images\/pdf_button.png\" alt=\"PDF\" name=\"image\" align=\"middle\" border=\"0\" \/> <\/a><\/td>\n<td class=\"buttonheading\" align=\"right\" width=\"100%\"><a title=\"Print\"> <img decoding=\"async\" src=\"http:\/\/www.tjerkstra.com\/images\/M_images\/printButton.png\" alt=\"Print\" name=\"image\" align=\"middle\" border=\"0\" \/> <\/a><\/td>\n<td class=\"buttonheading\" align=\"right\" width=\"100%\"><a title=\"E-mail\"> <img decoding=\"async\" src=\"http:\/\/www.tjerkstra.com\/images\/M_images\/emailButton.png\" alt=\"E-mail\" name=\"image\" align=\"middle\" border=\"0\" \/> <\/a><\/td>\n<\/tr>\n<\/tbody>\n<\/table>\n<table class=\"contentpaneopen\">\n<tbody>\n<tr>\n<td colspan=\"2\" valign=\"top\"><img loading=\"lazy\" decoding=\"async\" title=\"Image\" src=\"http:\/\/www.tjerkstra.com\/images\/stories\/deiboek5\/tn_img_6776.jpg\" alt=\"Image\" width=\"450\" height=\"338\" border=\"0\" hspace=\"6\" \/><\/p>\n<p>Wa&#8217;t net loskomt fan syn wente<br \/>\ntusken f\u00fbnemint en nok<br \/>\nen dochs ferlet hat fan de mar,<br \/>\nkin kieze foar in stielen bak,<br \/>\nin hierh\u00fbs tusken kop en kont,<br \/>\nen kriget mear as syn gerak<br \/>\nmei &#8217;t feestgefoel fan th\u00fas fak\u00e2nsje<br \/>\nwylst ik far.<\/p>\n<p>Farrend krigen sy gar\u00e2nsje<br \/>\ndat foar har in haven wie<br \/>\nmei plak foar izerbak en hok,<br \/>\nop &#8217;t l\u00east hie elkenien in fak,<br \/>\nal is it net foar &#8217;t hiele front,<br \/>\nsy krije mear as har gerak:<br \/>\n&#8217;t gefoel fan hjir en d\u00ear fak\u00e2nsje,<br \/>\nmar dochs drok.<\/p>\n<p><img loading=\"lazy\" decoding=\"async\" title=\"Image\" src=\"http:\/\/www.tjerkstra.com\/images\/stories\/deiboek5\/tn_img_6779.jpg\" alt=\"Image\" width=\"450\" height=\"338\" border=\"0\" hspace=\"6\" \/><\/td>\n<\/tr>\n<\/tbody>\n<\/table>\n","protected":false},"excerpt":{"rendered":"<p>Wa&#8217;t net loskomt fan syn wente tusken f\u00fbnemint en nok en dochs ferlet hat fan de mar, kin kieze foar in stielen bak, in hierh\u00fbs tusken kop en kont, en kriget mear as syn gerak mei &#8217;t feestgefoel fan th\u00fas fak\u00e2nsje wylst ik far. Farrend krigen sy gar\u00e2nsje dat foar har in haven wie mei [&hellip;]<\/p>\n","protected":false},"author":1,"featured_media":0,"comment_status":"closed","ping_status":"closed","sticky":false,"template":"","format":"standard","meta":{"footnotes":""},"categories":[3],"tags":[],"class_list":["post-5729","post","type-post","status-publish","format-standard","hentry","category-lyrysk-deiboek"],"_links":{"self":[{"href":"https:\/\/tjerkstra.com\/wordpress\/wp-json\/wp\/v2\/posts\/5729","targetHints":{"allow":["GET"]}}],"collection":[{"href":"https:\/\/tjerkstra.com\/wordpress\/wp-json\/wp\/v2\/posts"}],"about":[{"href":"https:\/\/tjerkstra.com\/wordpress\/wp-json\/wp\/v2\/types\/post"}],"author":[{"embeddable":true,"href":"https:\/\/tjerkstra.com\/wordpress\/wp-json\/wp\/v2\/users\/1"}],"replies":[{"embeddable":true,"href":"https:\/\/tjerkstra.com\/wordpress\/wp-json\/wp\/v2\/comments?post=5729"}],"version-history":[{"count":1,"href":"https:\/\/tjerkstra.com\/wordpress\/wp-json\/wp\/v2\/posts\/5729\/revisions"}],"predecessor-version":[{"id":5730,"href":"https:\/\/tjerkstra.com\/wordpress\/wp-json\/wp\/v2\/posts\/5729\/revisions\/5730"}],"wp:attachment":[{"href":"https:\/\/tjerkstra.com\/wordpress\/wp-json\/wp\/v2\/media?parent=5729"}],"wp:term":[{"taxonomy":"category","embeddable":true,"href":"https:\/\/tjerkstra.com\/wordpress\/wp-json\/wp\/v2\/categories?post=5729"},{"taxonomy":"post_tag","embeddable":true,"href":"https:\/\/tjerkstra.com\/wordpress\/wp-json\/wp\/v2\/tags?post=5729"}],"curies":[{"name":"wp","href":"https:\/\/api.w.org\/{rel}","templated":true}]}}