{"id":5725,"date":"2016-11-01T19:55:03","date_gmt":"2016-11-01T19:55:03","guid":{"rendered":"http:\/\/www.tjerkstra.com\/wordpress\/?p=5725"},"modified":"2016-11-01T19:55:03","modified_gmt":"2016-11-01T19:55:03","slug":"deadewachters","status":"publish","type":"post","link":"https:\/\/tjerkstra.com\/wordpress\/lyrysk-deiboek\/deadewachters\/","title":{"rendered":"Deadewachters"},"content":{"rendered":"<table class=\"contentpaneopen\">\n<tbody>\n<tr>\n<td class=\"contentheading\" width=\"100%\"><\/td>\n<td class=\"buttonheading\" align=\"right\" width=\"100%\"><a title=\"PDF\"> <img decoding=\"async\" src=\"http:\/\/www.tjerkstra.com\/images\/M_images\/pdf_button.png\" alt=\"PDF\" name=\"image\" align=\"middle\" border=\"0\" \/> <\/a><\/td>\n<td class=\"buttonheading\" align=\"right\" width=\"100%\"><a title=\"Print\"> <img decoding=\"async\" src=\"http:\/\/www.tjerkstra.com\/images\/M_images\/printButton.png\" alt=\"Print\" name=\"image\" align=\"middle\" border=\"0\" \/> <\/a><\/td>\n<td class=\"buttonheading\" align=\"right\" width=\"100%\"><a title=\"E-mail\"> <img decoding=\"async\" src=\"http:\/\/www.tjerkstra.com\/images\/M_images\/emailButton.png\" alt=\"E-mail\" name=\"image\" align=\"middle\" border=\"0\" \/> <\/a><\/td>\n<\/tr>\n<\/tbody>\n<\/table>\n<table class=\"contentpaneopen\">\n<tbody>\n<tr>\n<td colspan=\"2\" valign=\"top\">\nWa of wat it trochj\u00fbn hie,<br \/>\ngjinien sil soks fertelle kinne,<br \/>\nwant mystearjes ha gjin taal<br \/>\ndy&#8217;t minsken helpe \u00fat &#8216;e rie<br \/>\nen sy ha gjin antenne<br \/>\nfoar it gr\u00fbnferhaal.<\/p>\n<p><img loading=\"lazy\" decoding=\"async\" title=\"Image\" src=\"http:\/\/www.tjerkstra.com\/images\/stories\/deiboek5\/tn_img_6750.jpg\" alt=\"Image\" width=\"450\" height=\"338\" border=\"0\" hspace=\"6\" \/><\/p>\n<p>Kreunend joech de beam de geast<br \/>\nen lei doe stram en stil derhinne,<br \/>\nree foar &#8217;t brekken fan de lea:<br \/>\nde t\u00fbken kreaken &#8217;t alderearst,<br \/>\n\u00fateinlik bleau allinne<br \/>\n&#8217;t stobbestik foar dea.<\/p>\n<p>Om de stobbe briek de gr\u00fbn<br \/>\nen sjoch hoe&#8217;t riisde dat mystearje<br \/>\nd\u00ear&#8217;t gjinien fan koe de taal,<br \/>\nmar wol wat waard der swijend j\u00fbn,<br \/>\nit pears om him te earjen<br \/>\nfoar syn r\u00fbsferhaal.<\/p>\n<p><img loading=\"lazy\" decoding=\"async\" title=\"Image\" src=\"http:\/\/www.tjerkstra.com\/images\/stories\/deiboek5\/tn_img_6751.jpg\" alt=\"Image\" width=\"450\" height=\"338\" border=\"0\" hspace=\"6\" \/><\/td>\n<\/tr>\n<\/tbody>\n<\/table>\n","protected":false},"excerpt":{"rendered":"<p>Wa of wat it trochj\u00fbn hie, gjinien sil soks fertelle kinne, want mystearjes ha gjin taal dy&#8217;t minsken helpe \u00fat &#8216;e rie en sy ha gjin antenne foar it gr\u00fbnferhaal. Kreunend joech de beam de geast en lei doe stram en stil derhinne, ree foar &#8217;t brekken fan de lea: de t\u00fbken kreaken &#8217;t alderearst, [&hellip;]<\/p>\n","protected":false},"author":1,"featured_media":0,"comment_status":"closed","ping_status":"closed","sticky":false,"template":"","format":"standard","meta":{"footnotes":""},"categories":[3],"tags":[],"class_list":["post-5725","post","type-post","status-publish","format-standard","hentry","category-lyrysk-deiboek"],"_links":{"self":[{"href":"https:\/\/tjerkstra.com\/wordpress\/wp-json\/wp\/v2\/posts\/5725","targetHints":{"allow":["GET"]}}],"collection":[{"href":"https:\/\/tjerkstra.com\/wordpress\/wp-json\/wp\/v2\/posts"}],"about":[{"href":"https:\/\/tjerkstra.com\/wordpress\/wp-json\/wp\/v2\/types\/post"}],"author":[{"embeddable":true,"href":"https:\/\/tjerkstra.com\/wordpress\/wp-json\/wp\/v2\/users\/1"}],"replies":[{"embeddable":true,"href":"https:\/\/tjerkstra.com\/wordpress\/wp-json\/wp\/v2\/comments?post=5725"}],"version-history":[{"count":1,"href":"https:\/\/tjerkstra.com\/wordpress\/wp-json\/wp\/v2\/posts\/5725\/revisions"}],"predecessor-version":[{"id":5726,"href":"https:\/\/tjerkstra.com\/wordpress\/wp-json\/wp\/v2\/posts\/5725\/revisions\/5726"}],"wp:attachment":[{"href":"https:\/\/tjerkstra.com\/wordpress\/wp-json\/wp\/v2\/media?parent=5725"}],"wp:term":[{"taxonomy":"category","embeddable":true,"href":"https:\/\/tjerkstra.com\/wordpress\/wp-json\/wp\/v2\/categories?post=5725"},{"taxonomy":"post_tag","embeddable":true,"href":"https:\/\/tjerkstra.com\/wordpress\/wp-json\/wp\/v2\/tags?post=5725"}],"curies":[{"name":"wp","href":"https:\/\/api.w.org\/{rel}","templated":true}]}}