{"id":5722,"date":"2016-11-01T19:53:55","date_gmt":"2016-11-01T19:53:55","guid":{"rendered":"http:\/\/www.tjerkstra.com\/wordpress\/?p=5722"},"modified":"2016-11-01T19:53:55","modified_gmt":"2016-11-01T19:53:55","slug":"evolusjemodellen","status":"publish","type":"post","link":"https:\/\/tjerkstra.com\/wordpress\/lyrysk-deiboek\/evolusjemodellen\/","title":{"rendered":"Evol\u00fasjemodellen"},"content":{"rendered":"<table class=\"contentpaneopen\">\n<tbody>\n<tr>\n<td class=\"contentheading\" width=\"100%\"><\/td>\n<td class=\"buttonheading\" align=\"right\" width=\"100%\"><a title=\"PDF\"> <img decoding=\"async\" src=\"http:\/\/www.tjerkstra.com\/images\/M_images\/pdf_button.png\" alt=\"PDF\" name=\"image\" align=\"middle\" border=\"0\" \/> <\/a><\/td>\n<td class=\"buttonheading\" align=\"right\" width=\"100%\"><a title=\"Print\"> <img decoding=\"async\" src=\"http:\/\/www.tjerkstra.com\/images\/M_images\/printButton.png\" alt=\"Print\" name=\"image\" align=\"middle\" border=\"0\" \/> <\/a><\/td>\n<td class=\"buttonheading\" align=\"right\" width=\"100%\"><a title=\"E-mail\"> <img decoding=\"async\" src=\"http:\/\/www.tjerkstra.com\/images\/M_images\/emailButton.png\" alt=\"E-mail\" name=\"image\" align=\"middle\" border=\"0\" \/> <\/a><\/td>\n<\/tr>\n<\/tbody>\n<\/table>\n<table class=\"contentpaneopen\">\n<tbody>\n<tr>\n<td colspan=\"2\" valign=\"top\">De ynfloed fan de evol\u00fasje<br \/>\nlit him hjoed de dei noch sjen<br \/>\nyn &#8217;t libben fan de f\u00fbgels,<br \/>\nwant guon ha it b\u00east nei &#8217;t sin,<br \/>\nmar oaren dochs net sa&#8217;n fid\u00fasje.<\/p>\n<p><img loading=\"lazy\" decoding=\"async\" title=\"Image\" src=\"http:\/\/www.tjerkstra.com\/images\/stories\/deiboek5\/tn_img_6268.jpg\" alt=\"Image\" width=\"450\" height=\"419\" border=\"0\" hspace=\"6\" \/><\/p>\n<p>De kop fersk\u00fble yn de fearren<br \/>\nen wat dreame op ien poat,<br \/>\ndat dogge de flamingo&#8217;s,<br \/>\nwant gjinien komt yn dat oard<br \/>\nen sil har heal bestean bedjerre.<\/p>\n<p>D\u00ear stiet yn hear en fear de reager<br \/>\nmei twa poaten op in peal<br \/>\nen skerp it each op auto&#8217;s,<br \/>\nyn de st\u00ead kin it net heal,<br \/>\nd\u00ear is it foar &#8217;t bestean wat dreger.<\/p>\n<p><img loading=\"lazy\" decoding=\"async\" title=\"Image\" src=\"http:\/\/www.tjerkstra.com\/images\/stories\/deiboek5\/tn_img_6760.jpg\" alt=\"Image\" width=\"338\" height=\"450\" border=\"0\" hspace=\"6\" \/><\/td>\n<\/tr>\n<\/tbody>\n<\/table>\n","protected":false},"excerpt":{"rendered":"<p>De ynfloed fan de evol\u00fasje lit him hjoed de dei noch sjen yn &#8217;t libben fan de f\u00fbgels, want guon ha it b\u00east nei &#8217;t sin, mar oaren dochs net sa&#8217;n fid\u00fasje. De kop fersk\u00fble yn de fearren en wat dreame op ien poat, dat dogge de flamingo&#8217;s, want gjinien komt yn dat oard en [&hellip;]<\/p>\n","protected":false},"author":1,"featured_media":0,"comment_status":"closed","ping_status":"closed","sticky":false,"template":"","format":"standard","meta":{"footnotes":""},"categories":[3],"tags":[],"class_list":["post-5722","post","type-post","status-publish","format-standard","hentry","category-lyrysk-deiboek"],"_links":{"self":[{"href":"https:\/\/tjerkstra.com\/wordpress\/wp-json\/wp\/v2\/posts\/5722","targetHints":{"allow":["GET"]}}],"collection":[{"href":"https:\/\/tjerkstra.com\/wordpress\/wp-json\/wp\/v2\/posts"}],"about":[{"href":"https:\/\/tjerkstra.com\/wordpress\/wp-json\/wp\/v2\/types\/post"}],"author":[{"embeddable":true,"href":"https:\/\/tjerkstra.com\/wordpress\/wp-json\/wp\/v2\/users\/1"}],"replies":[{"embeddable":true,"href":"https:\/\/tjerkstra.com\/wordpress\/wp-json\/wp\/v2\/comments?post=5722"}],"version-history":[{"count":1,"href":"https:\/\/tjerkstra.com\/wordpress\/wp-json\/wp\/v2\/posts\/5722\/revisions"}],"predecessor-version":[{"id":5723,"href":"https:\/\/tjerkstra.com\/wordpress\/wp-json\/wp\/v2\/posts\/5722\/revisions\/5723"}],"wp:attachment":[{"href":"https:\/\/tjerkstra.com\/wordpress\/wp-json\/wp\/v2\/media?parent=5722"}],"wp:term":[{"taxonomy":"category","embeddable":true,"href":"https:\/\/tjerkstra.com\/wordpress\/wp-json\/wp\/v2\/categories?post=5722"},{"taxonomy":"post_tag","embeddable":true,"href":"https:\/\/tjerkstra.com\/wordpress\/wp-json\/wp\/v2\/tags?post=5722"}],"curies":[{"name":"wp","href":"https:\/\/api.w.org\/{rel}","templated":true}]}}