{"id":5688,"date":"2016-11-01T19:36:34","date_gmt":"2016-11-01T19:36:34","guid":{"rendered":"http:\/\/www.tjerkstra.com\/wordpress\/?p=5688"},"modified":"2016-11-01T19:40:40","modified_gmt":"2016-11-01T19:40:40","slug":"nei-de-krisis","status":"publish","type":"post","link":"https:\/\/tjerkstra.com\/wordpress\/lyrysk-deiboek\/nei-de-krisis\/","title":{"rendered":"Nei de krisis"},"content":{"rendered":"<table class=\"contentpaneopen\">\n<tbody>\n<tr>\n<td class=\"contentheading\" width=\"100%\"><\/td>\n<td class=\"buttonheading\" align=\"right\" width=\"100%\"><a title=\"PDF\"> <img decoding=\"async\" src=\"http:\/\/www.tjerkstra.com\/images\/M_images\/pdf_button.png\" alt=\"PDF\" name=\"image\" align=\"middle\" border=\"0\" \/> <\/a><\/td>\n<td class=\"buttonheading\" align=\"right\" width=\"100%\"><a title=\"Print\"> <img decoding=\"async\" src=\"http:\/\/www.tjerkstra.com\/images\/M_images\/printButton.png\" alt=\"Print\" name=\"image\" align=\"middle\" border=\"0\" \/> <\/a><\/td>\n<td class=\"buttonheading\" align=\"right\" width=\"100%\"><a title=\"E-mail\"> <img decoding=\"async\" src=\"http:\/\/www.tjerkstra.com\/images\/M_images\/emailButton.png\" alt=\"E-mail\" name=\"image\" align=\"middle\" border=\"0\" \/> <\/a><\/td>\n<\/tr>\n<\/tbody>\n<\/table>\n<table class=\"contentpaneopen\">\n<tbody>\n<tr>\n<td colspan=\"2\" valign=\"top\"><img loading=\"lazy\" decoding=\"async\" title=\"Image\" src=\"http:\/\/www.tjerkstra.com\/images\/stories\/deiboek5\/tn_img_5736.jpg\" alt=\"Image\" width=\"321\" height=\"450\" border=\"0\" hspace=\"6\" \/><\/p>\n<p>F\u00eastlein oan de bolder,<br \/>\ntroch de hals de stange,<br \/>\nopblaasd troch de wyn,<br \/>\nsjocht hy it tsjuster yn:<br \/>\nsyn wr\u00e2ld is kleare kolder.<\/p>\n<p>Middenyn de polder,<br \/>\nkoene se him fange,<br \/>\nfinzen nimme yn<br \/>\nin wr\u00e2ld fan swiere skyn:<br \/>\nde stange en de bolder.<\/p>\n<p>Kraaiend de fiktoarje<br \/>\nop &#8216;e houten hikke<br \/>\nn\u00east de ljochte hin<br \/>\njout hy de dei wer sin:<br \/>\n&#8216;De wr\u00e2ld sil grif feroarje!&#8217;<\/p>\n<p><img loading=\"lazy\" decoding=\"async\" title=\"Image\" src=\"http:\/\/www.tjerkstra.com\/images\/stories\/deiboek5\/tn_img_5883.jpg\" alt=\"Image\" width=\"321\" height=\"450\" border=\"0\" hspace=\"6\" \/><\/td>\n<\/tr>\n<\/tbody>\n<\/table>\n","protected":false},"excerpt":{"rendered":"<p>F\u00eastlein oan de bolder, troch de hals de stange, opblaasd troch de wyn, sjocht hy it tsjuster yn: syn wr\u00e2ld is kleare kolder. Middenyn de polder, koene se him fange, finzen nimme yn in wr\u00e2ld fan swiere skyn: de stange en de bolder. Kraaiend de fiktoarje op &#8216;e houten hikke n\u00east de ljochte hin jout [&hellip;]<\/p>\n","protected":false},"author":1,"featured_media":0,"comment_status":"closed","ping_status":"closed","sticky":false,"template":"","format":"standard","meta":{"footnotes":""},"categories":[3],"tags":[],"class_list":["post-5688","post","type-post","status-publish","format-standard","hentry","category-lyrysk-deiboek"],"_links":{"self":[{"href":"https:\/\/tjerkstra.com\/wordpress\/wp-json\/wp\/v2\/posts\/5688","targetHints":{"allow":["GET"]}}],"collection":[{"href":"https:\/\/tjerkstra.com\/wordpress\/wp-json\/wp\/v2\/posts"}],"about":[{"href":"https:\/\/tjerkstra.com\/wordpress\/wp-json\/wp\/v2\/types\/post"}],"author":[{"embeddable":true,"href":"https:\/\/tjerkstra.com\/wordpress\/wp-json\/wp\/v2\/users\/1"}],"replies":[{"embeddable":true,"href":"https:\/\/tjerkstra.com\/wordpress\/wp-json\/wp\/v2\/comments?post=5688"}],"version-history":[{"count":1,"href":"https:\/\/tjerkstra.com\/wordpress\/wp-json\/wp\/v2\/posts\/5688\/revisions"}],"predecessor-version":[{"id":5689,"href":"https:\/\/tjerkstra.com\/wordpress\/wp-json\/wp\/v2\/posts\/5688\/revisions\/5689"}],"wp:attachment":[{"href":"https:\/\/tjerkstra.com\/wordpress\/wp-json\/wp\/v2\/media?parent=5688"}],"wp:term":[{"taxonomy":"category","embeddable":true,"href":"https:\/\/tjerkstra.com\/wordpress\/wp-json\/wp\/v2\/categories?post=5688"},{"taxonomy":"post_tag","embeddable":true,"href":"https:\/\/tjerkstra.com\/wordpress\/wp-json\/wp\/v2\/tags?post=5688"}],"curies":[{"name":"wp","href":"https:\/\/api.w.org\/{rel}","templated":true}]}}