{"id":5685,"date":"2016-11-01T19:35:19","date_gmt":"2016-11-01T19:35:19","guid":{"rendered":"http:\/\/www.tjerkstra.com\/wordpress\/?p=5685"},"modified":"2016-11-01T19:35:19","modified_gmt":"2016-11-01T19:35:19","slug":"wunder-fan-ferskil","status":"publish","type":"post","link":"https:\/\/tjerkstra.com\/wordpress\/lyrysk-deiboek\/wunder-fan-ferskil\/","title":{"rendered":"W\u00fbnder fan ferskil"},"content":{"rendered":"<table class=\"contentpaneopen\">\n<tbody>\n<tr>\n<td class=\"contentheading\" width=\"100%\"><\/td>\n<td class=\"buttonheading\" align=\"right\" width=\"100%\"><a title=\"PDF\"> <img decoding=\"async\" src=\"http:\/\/www.tjerkstra.com\/images\/M_images\/pdf_button.png\" alt=\"PDF\" name=\"image\" align=\"middle\" border=\"0\" \/> <\/a><\/td>\n<td class=\"buttonheading\" align=\"right\" width=\"100%\"><a title=\"Print\"> <img decoding=\"async\" src=\"http:\/\/www.tjerkstra.com\/images\/M_images\/printButton.png\" alt=\"Print\" name=\"image\" align=\"middle\" border=\"0\" \/> <\/a><\/td>\n<td class=\"buttonheading\" align=\"right\" width=\"100%\"><a title=\"E-mail\"> <img decoding=\"async\" src=\"http:\/\/www.tjerkstra.com\/images\/M_images\/emailButton.png\" alt=\"E-mail\" name=\"image\" align=\"middle\" border=\"0\" \/> <\/a><\/td>\n<\/tr>\n<\/tbody>\n<\/table>\n<table class=\"contentpaneopen\">\n<tbody>\n<tr>\n<td colspan=\"2\" valign=\"top\"><img loading=\"lazy\" decoding=\"async\" title=\"Image\" src=\"http:\/\/www.tjerkstra.com\/images\/stories\/deiboek5\/tn_img_6573.jpg\" alt=\"Image\" width=\"450\" height=\"250\" border=\"0\" hspace=\"6\" \/><\/p>\n<p>In wie in wike lang in wite wr\u00e2ld<br \/>\nmei op it iis it swart fan mar ien r\u00fbnte,<br \/>\nlyts \u00fbntwyk yn &#8217;t w\u00e2ljend wiet<br \/>\nfoar f\u00fbgelb\u00fbnt yn mannichf\u00e2ld,<br \/>\nin k\u00e2lde d\u00fbs, dus efkes \u00fbnder.<\/p>\n<p>De wr\u00e2ld is folle grutter as in wek,<br \/>\nek r\u00fbn, fan k\u00e2ld nei waarm, as wie &#8217;t in w\u00fbnder<br \/>\nfoar wa&#8217;t djipgeand \u00fbndergiet<br \/>\ndat frjemde f\u00fbgels libje ek<br \/>\nyn mannichf\u00e2ld, stil yn de sinne.<\/p>\n<p><img loading=\"lazy\" decoding=\"async\" title=\"Image\" src=\"http:\/\/www.tjerkstra.com\/images\/stories\/deiboek5\/tn_img_6491.jpg\" alt=\"Image\" width=\"450\" height=\"268\" border=\"0\" hspace=\"6\" \/><\/p>\n<p>Se tripken proastich by it wetter l\u00e2ns<br \/>\nmei yntuysje &#8211; w\u00ear is wat te winnen<br \/>\nfoar de mage &#8211; en d\u00ear stiet<br \/>\nde b\u00fbnte kloft lang yn bal\u00e2ns<br \/>\nfoar f\u00fbgels dy&#8217;t nijsgjirrich binne.<\/p>\n<p><img loading=\"lazy\" decoding=\"async\" title=\"Image\" src=\"http:\/\/www.tjerkstra.com\/images\/stories\/deiboek5\/tn_img_6487.jpg\" alt=\"Image\" width=\"450\" height=\"338\" border=\"0\" hspace=\"6\" \/><\/td>\n<\/tr>\n<\/tbody>\n<\/table>\n","protected":false},"excerpt":{"rendered":"<p>In wie in wike lang in wite wr\u00e2ld mei op it iis it swart fan mar ien r\u00fbnte, lyts \u00fbntwyk yn &#8217;t w\u00e2ljend wiet foar f\u00fbgelb\u00fbnt yn mannichf\u00e2ld, in k\u00e2lde d\u00fbs, dus efkes \u00fbnder. De wr\u00e2ld is folle grutter as in wek, ek r\u00fbn, fan k\u00e2ld nei waarm, as wie &#8217;t in w\u00fbnder foar wa&#8217;t [&hellip;]<\/p>\n","protected":false},"author":1,"featured_media":0,"comment_status":"closed","ping_status":"closed","sticky":false,"template":"","format":"standard","meta":{"footnotes":""},"categories":[3],"tags":[],"class_list":["post-5685","post","type-post","status-publish","format-standard","hentry","category-lyrysk-deiboek"],"_links":{"self":[{"href":"https:\/\/tjerkstra.com\/wordpress\/wp-json\/wp\/v2\/posts\/5685","targetHints":{"allow":["GET"]}}],"collection":[{"href":"https:\/\/tjerkstra.com\/wordpress\/wp-json\/wp\/v2\/posts"}],"about":[{"href":"https:\/\/tjerkstra.com\/wordpress\/wp-json\/wp\/v2\/types\/post"}],"author":[{"embeddable":true,"href":"https:\/\/tjerkstra.com\/wordpress\/wp-json\/wp\/v2\/users\/1"}],"replies":[{"embeddable":true,"href":"https:\/\/tjerkstra.com\/wordpress\/wp-json\/wp\/v2\/comments?post=5685"}],"version-history":[{"count":1,"href":"https:\/\/tjerkstra.com\/wordpress\/wp-json\/wp\/v2\/posts\/5685\/revisions"}],"predecessor-version":[{"id":5686,"href":"https:\/\/tjerkstra.com\/wordpress\/wp-json\/wp\/v2\/posts\/5685\/revisions\/5686"}],"wp:attachment":[{"href":"https:\/\/tjerkstra.com\/wordpress\/wp-json\/wp\/v2\/media?parent=5685"}],"wp:term":[{"taxonomy":"category","embeddable":true,"href":"https:\/\/tjerkstra.com\/wordpress\/wp-json\/wp\/v2\/categories?post=5685"},{"taxonomy":"post_tag","embeddable":true,"href":"https:\/\/tjerkstra.com\/wordpress\/wp-json\/wp\/v2\/tags?post=5685"}],"curies":[{"name":"wp","href":"https:\/\/api.w.org\/{rel}","templated":true}]}}