{"id":5682,"date":"2016-11-01T19:34:01","date_gmt":"2016-11-01T19:34:01","guid":{"rendered":"http:\/\/www.tjerkstra.com\/wordpress\/?p=5682"},"modified":"2016-11-01T19:34:01","modified_gmt":"2016-11-01T19:34:01","slug":"winterlot","status":"publish","type":"post","link":"https:\/\/tjerkstra.com\/wordpress\/lyrysk-deiboek\/winterlot\/","title":{"rendered":"Winterlot"},"content":{"rendered":"<table class=\"contentpaneopen\">\n<tbody>\n<tr>\n<td class=\"contentheading\" width=\"100%\"><\/td>\n<td class=\"buttonheading\" align=\"right\" width=\"100%\"><a title=\"PDF\"> <img decoding=\"async\" src=\"http:\/\/www.tjerkstra.com\/images\/M_images\/pdf_button.png\" alt=\"PDF\" name=\"image\" align=\"middle\" border=\"0\" \/> <\/a><\/td>\n<td class=\"buttonheading\" align=\"right\" width=\"100%\"><a title=\"Print\"> <img decoding=\"async\" src=\"http:\/\/www.tjerkstra.com\/images\/M_images\/printButton.png\" alt=\"Print\" name=\"image\" align=\"middle\" border=\"0\" \/> <\/a><\/td>\n<td class=\"buttonheading\" align=\"right\" width=\"100%\"><a title=\"E-mail\"> <img decoding=\"async\" src=\"http:\/\/www.tjerkstra.com\/images\/M_images\/emailButton.png\" alt=\"E-mail\" name=\"image\" align=\"middle\" border=\"0\" \/> <\/a><\/td>\n<\/tr>\n<\/tbody>\n<\/table>\n<table class=\"contentpaneopen\">\n<tbody>\n<tr>\n<td colspan=\"2\" valign=\"top\"><img loading=\"lazy\" decoding=\"async\" title=\"Image\" src=\"http:\/\/www.tjerkstra.com\/images\/stories\/deiboek5\/tn_img_6659.jpg\" alt=\"Image\" width=\"450\" height=\"325\" border=\"0\" hspace=\"6\" \/><\/p>\n<p>It hat west, de winterwike<br \/>\nmei in tichte sl\u00fbs, d\u00earfoar in wek,<br \/>\nfoar wetterf\u00fbgels wiet \u00fbntwyk,<br \/>\nallinnich faak oan foer gebrek,<br \/>\ngjin ein woe foar in markol wike.<\/p>\n<p>&#8217;t Wiene meastal autochtoanen<br \/>\ndy&#8217;t elkoar befochten om it brea,<br \/>\nde ien seach &#8217;t leafst de oar as lyk;<br \/>\ndoe kaam de seachbek \u00fat it gea<br \/>\nd\u00ear&#8217;t seage waard op oare toanen.<\/p>\n<p><img loading=\"lazy\" decoding=\"async\" title=\"Image\" src=\"http:\/\/www.tjerkstra.com\/images\/stories\/deiboek5\/tn_img_6658.jpg\" alt=\"Image\" width=\"450\" height=\"345\" border=\"0\" hspace=\"6\" \/><\/p>\n<p>Seachbek woe wol fierder seagje<br \/>\nfoar in grutter wek, foar elkenien<br \/>\nmear romte, mar dan wol gelyk<br \/>\nfoar ein en markol, dochs net ien<br \/>\nwoe dat, se ha him &#8217;t wek \u00fatreage.<\/p>\n<p>Yn it gea fan meastal swarten<br \/>\nkamen witen amper noch oan bod,<br \/>\nfoaroan allinnich mar as lyk;<br \/>\n&#8217;t hat west, de winterwike, &#8217;t lot<br \/>\nfan f\u00fbgels hat sa w\u00eaze moatten.<\/p>\n<p><img loading=\"lazy\" decoding=\"async\" title=\"Image\" src=\"http:\/\/www.tjerkstra.com\/images\/stories\/deiboek5\/tn_img_6661.jpg\" alt=\"Image\" width=\"450\" height=\"300\" border=\"0\" hspace=\"6\" \/><\/td>\n<\/tr>\n<\/tbody>\n<\/table>\n","protected":false},"excerpt":{"rendered":"<p>It hat west, de winterwike mei in tichte sl\u00fbs, d\u00earfoar in wek, foar wetterf\u00fbgels wiet \u00fbntwyk, allinnich faak oan foer gebrek, gjin ein woe foar in markol wike. &#8217;t Wiene meastal autochtoanen dy&#8217;t elkoar befochten om it brea, de ien seach &#8217;t leafst de oar as lyk; doe kaam de seachbek \u00fat it gea d\u00ear&#8217;t [&hellip;]<\/p>\n","protected":false},"author":1,"featured_media":0,"comment_status":"closed","ping_status":"closed","sticky":false,"template":"","format":"standard","meta":{"footnotes":""},"categories":[3],"tags":[],"class_list":["post-5682","post","type-post","status-publish","format-standard","hentry","category-lyrysk-deiboek"],"_links":{"self":[{"href":"https:\/\/tjerkstra.com\/wordpress\/wp-json\/wp\/v2\/posts\/5682","targetHints":{"allow":["GET"]}}],"collection":[{"href":"https:\/\/tjerkstra.com\/wordpress\/wp-json\/wp\/v2\/posts"}],"about":[{"href":"https:\/\/tjerkstra.com\/wordpress\/wp-json\/wp\/v2\/types\/post"}],"author":[{"embeddable":true,"href":"https:\/\/tjerkstra.com\/wordpress\/wp-json\/wp\/v2\/users\/1"}],"replies":[{"embeddable":true,"href":"https:\/\/tjerkstra.com\/wordpress\/wp-json\/wp\/v2\/comments?post=5682"}],"version-history":[{"count":1,"href":"https:\/\/tjerkstra.com\/wordpress\/wp-json\/wp\/v2\/posts\/5682\/revisions"}],"predecessor-version":[{"id":5683,"href":"https:\/\/tjerkstra.com\/wordpress\/wp-json\/wp\/v2\/posts\/5682\/revisions\/5683"}],"wp:attachment":[{"href":"https:\/\/tjerkstra.com\/wordpress\/wp-json\/wp\/v2\/media?parent=5682"}],"wp:term":[{"taxonomy":"category","embeddable":true,"href":"https:\/\/tjerkstra.com\/wordpress\/wp-json\/wp\/v2\/categories?post=5682"},{"taxonomy":"post_tag","embeddable":true,"href":"https:\/\/tjerkstra.com\/wordpress\/wp-json\/wp\/v2\/tags?post=5682"}],"curies":[{"name":"wp","href":"https:\/\/api.w.org\/{rel}","templated":true}]}}