{"id":5662,"date":"2016-11-01T18:46:06","date_gmt":"2016-11-01T18:46:06","guid":{"rendered":"http:\/\/www.tjerkstra.com\/wordpress\/?p=5662"},"modified":"2016-11-01T18:46:06","modified_gmt":"2016-11-01T18:46:06","slug":"cruise-nei-it-middelpunt","status":"publish","type":"post","link":"https:\/\/tjerkstra.com\/wordpress\/lyrysk-deiboek\/cruise-nei-it-middelpunt\/","title":{"rendered":"Cruise nei it middelpunt"},"content":{"rendered":"<table class=\"contentpaneopen\">\n<tbody>\n<tr>\n<td class=\"contentheading\" width=\"100%\"><\/td>\n<td class=\"buttonheading\" align=\"right\" width=\"100%\"><a title=\"PDF\"> <img decoding=\"async\" src=\"http:\/\/www.tjerkstra.com\/images\/M_images\/pdf_button.png\" alt=\"PDF\" name=\"image\" align=\"middle\" border=\"0\" \/> <\/a><\/td>\n<td class=\"buttonheading\" align=\"right\" width=\"100%\"><a title=\"Print\"> <img decoding=\"async\" src=\"http:\/\/www.tjerkstra.com\/images\/M_images\/printButton.png\" alt=\"Print\" name=\"image\" align=\"middle\" border=\"0\" \/> <\/a><\/td>\n<td class=\"buttonheading\" align=\"right\" width=\"100%\"><a title=\"E-mail\"> <img decoding=\"async\" src=\"http:\/\/www.tjerkstra.com\/images\/M_images\/emailButton.png\" alt=\"E-mail\" name=\"image\" align=\"middle\" border=\"0\" \/> <\/a><\/td>\n<\/tr>\n<\/tbody>\n<\/table>\n<table class=\"contentpaneopen\">\n<tbody>\n<tr>\n<td colspan=\"2\" valign=\"top\"><img loading=\"lazy\" decoding=\"async\" title=\"Image\" src=\"http:\/\/www.tjerkstra.com\/images\/stories\/deiboek5\/tn_img_6428.jpg\" alt=\"Image\" width=\"450\" height=\"338\" border=\"0\" hspace=\"6\" \/><\/p>\n<p>Kin de loft noch blauwer w\u00eaze,<br \/>\nwolken\u00a0 witer as dy boppe see?<br \/>\nDe palmen r\u00fbzje fan ferwachting:<br \/>\nas it barre sil op &#8217;t selde stee,<br \/>\nis op &#8216;e kade net te l\u00eazen.<\/p>\n<p>Lit toeristen hjoed mar sizze<br \/>\nw\u00ear&#8217;t it middelpunt is fan de wrald,<br \/>\nsy cruise l\u00faks nei elke wynstreek,<br \/>\n&#8217;t leafst nei &#8217;t westen, net te hjit of k\u00e2ld,<br \/>\nsy kinne &#8217;t sizze wylst se lizze.<\/p>\n<p>Foar&#8217;t se komme yn it easten,<br \/>\njouwe skiere wolken wite snie<br \/>\nen r\u00fbzje t\u00fbken fol ferwachting:<br \/>\neinlings winterwaar, dus ta de die,<br \/>\nwant alve st\u00eaden ha it measte!<\/p>\n<p><img loading=\"lazy\" decoding=\"async\" title=\"Image\" src=\"http:\/\/www.tjerkstra.com\/images\/stories\/deiboek5\/tn_img_6539.jpg\" alt=\"Image\" width=\"450\" height=\"338\" border=\"0\" hspace=\"6\" \/><\/td>\n<\/tr>\n<\/tbody>\n<\/table>\n","protected":false},"excerpt":{"rendered":"<p>Kin de loft noch blauwer w\u00eaze, wolken\u00a0 witer as dy boppe see? De palmen r\u00fbzje fan ferwachting: as it barre sil op &#8217;t selde stee, is op &#8216;e kade net te l\u00eazen. Lit toeristen hjoed mar sizze w\u00ear&#8217;t it middelpunt is fan de wrald, sy cruise l\u00faks nei elke wynstreek, &#8217;t leafst nei &#8217;t westen, [&hellip;]<\/p>\n","protected":false},"author":1,"featured_media":0,"comment_status":"closed","ping_status":"closed","sticky":false,"template":"","format":"standard","meta":{"footnotes":""},"categories":[3],"tags":[],"class_list":["post-5662","post","type-post","status-publish","format-standard","hentry","category-lyrysk-deiboek"],"_links":{"self":[{"href":"https:\/\/tjerkstra.com\/wordpress\/wp-json\/wp\/v2\/posts\/5662","targetHints":{"allow":["GET"]}}],"collection":[{"href":"https:\/\/tjerkstra.com\/wordpress\/wp-json\/wp\/v2\/posts"}],"about":[{"href":"https:\/\/tjerkstra.com\/wordpress\/wp-json\/wp\/v2\/types\/post"}],"author":[{"embeddable":true,"href":"https:\/\/tjerkstra.com\/wordpress\/wp-json\/wp\/v2\/users\/1"}],"replies":[{"embeddable":true,"href":"https:\/\/tjerkstra.com\/wordpress\/wp-json\/wp\/v2\/comments?post=5662"}],"version-history":[{"count":1,"href":"https:\/\/tjerkstra.com\/wordpress\/wp-json\/wp\/v2\/posts\/5662\/revisions"}],"predecessor-version":[{"id":5663,"href":"https:\/\/tjerkstra.com\/wordpress\/wp-json\/wp\/v2\/posts\/5662\/revisions\/5663"}],"wp:attachment":[{"href":"https:\/\/tjerkstra.com\/wordpress\/wp-json\/wp\/v2\/media?parent=5662"}],"wp:term":[{"taxonomy":"category","embeddable":true,"href":"https:\/\/tjerkstra.com\/wordpress\/wp-json\/wp\/v2\/categories?post=5662"},{"taxonomy":"post_tag","embeddable":true,"href":"https:\/\/tjerkstra.com\/wordpress\/wp-json\/wp\/v2\/tags?post=5662"}],"curies":[{"name":"wp","href":"https:\/\/api.w.org\/{rel}","templated":true}]}}