{"id":5655,"date":"2016-11-01T18:42:26","date_gmt":"2016-11-01T18:42:26","guid":{"rendered":"http:\/\/www.tjerkstra.com\/wordpress\/?p=5655"},"modified":"2016-11-01T18:42:26","modified_gmt":"2016-11-01T18:42:26","slug":"karibyske-fisker","status":"publish","type":"post","link":"https:\/\/tjerkstra.com\/wordpress\/lyrysk-deiboek\/karibyske-fisker\/","title":{"rendered":"Karibyske fisker"},"content":{"rendered":"<table class=\"contentpaneopen\">\n<tbody>\n<tr>\n<td class=\"contentheading\" width=\"100%\"><\/td>\n<td class=\"buttonheading\" align=\"right\" width=\"100%\"><a title=\"PDF\"> <img decoding=\"async\" src=\"http:\/\/www.tjerkstra.com\/images\/M_images\/pdf_button.png\" alt=\"PDF\" name=\"image\" align=\"middle\" border=\"0\" \/> <\/a><\/td>\n<td class=\"buttonheading\" align=\"right\" width=\"100%\"><a title=\"Print\"> <img decoding=\"async\" src=\"http:\/\/www.tjerkstra.com\/images\/M_images\/printButton.png\" alt=\"Print\" name=\"image\" align=\"middle\" border=\"0\" \/> <\/a><\/td>\n<td class=\"buttonheading\" align=\"right\" width=\"100%\"><a title=\"E-mail\"> <img decoding=\"async\" src=\"http:\/\/www.tjerkstra.com\/images\/M_images\/emailButton.png\" alt=\"E-mail\" name=\"image\" align=\"middle\" border=\"0\" \/> <\/a><\/td>\n<\/tr>\n<\/tbody>\n<\/table>\n<table class=\"contentpaneopen\">\n<tbody>\n<tr>\n<td colspan=\"2\" valign=\"top\"><img loading=\"lazy\" decoding=\"async\" title=\"Image\" src=\"http:\/\/www.tjerkstra.com\/images\/stories\/deiboek5\/tn_img_6044.jpg\" alt=\"Image\" width=\"450\" height=\"338\" border=\"0\" hspace=\"6\" \/><\/p>\n<p>De fisker en de see, fan twa ta ien,<br \/>\nsyn hiele libben is d\u00earmei ferb\u00fbn<br \/>\nas fisken mei &#8217;t koraal,<br \/>\nhy hat syn wurk wer dien.<\/p>\n<p>De fisker en syn boat, in byldferhaal:<br \/>\nde lapen foar de f\u00fbgels in ferskrik<br \/>\nas haaien foar de fisk,<br \/>\nhy die in flinke haal.<\/p>\n<p>De fisker kin net s\u00fbnder tamakdisk,<br \/>\nd\u00ear&#8217;t hy syn hannel snijt, bestrykt mei s\u00e2lt,<br \/>\ndan nei de merk ferfiert,<br \/>\ngen\u00f4ch, want mear as niks.<\/p>\n<p>Syn dei, mei disk en \u00e2lde lapen sierd,<br \/>\nrint fol mei boaten, fisk en &#8217;t eigen ik:<br \/>\n&#8217;t ferhaal op lytse skaal,<br \/>\nit r\u00easten nei de died.<\/p>\n<p><img loading=\"lazy\" decoding=\"async\" title=\"Image\" src=\"http:\/\/www.tjerkstra.com\/images\/stories\/deiboek5\/tn_img_6046.jpg\" alt=\"Image\" width=\"450\" height=\"338\" border=\"0\" hspace=\"6\" \/><\/td>\n<\/tr>\n<\/tbody>\n<\/table>\n","protected":false},"excerpt":{"rendered":"<p>De fisker en de see, fan twa ta ien, syn hiele libben is d\u00earmei ferb\u00fbn as fisken mei &#8217;t koraal, hy hat syn wurk wer dien. De fisker en syn boat, in byldferhaal: de lapen foar de f\u00fbgels in ferskrik as haaien foar de fisk, hy die in flinke haal. De fisker kin net s\u00fbnder [&hellip;]<\/p>\n","protected":false},"author":1,"featured_media":0,"comment_status":"closed","ping_status":"closed","sticky":false,"template":"","format":"standard","meta":{"footnotes":""},"categories":[3],"tags":[],"class_list":["post-5655","post","type-post","status-publish","format-standard","hentry","category-lyrysk-deiboek"],"_links":{"self":[{"href":"https:\/\/tjerkstra.com\/wordpress\/wp-json\/wp\/v2\/posts\/5655","targetHints":{"allow":["GET"]}}],"collection":[{"href":"https:\/\/tjerkstra.com\/wordpress\/wp-json\/wp\/v2\/posts"}],"about":[{"href":"https:\/\/tjerkstra.com\/wordpress\/wp-json\/wp\/v2\/types\/post"}],"author":[{"embeddable":true,"href":"https:\/\/tjerkstra.com\/wordpress\/wp-json\/wp\/v2\/users\/1"}],"replies":[{"embeddable":true,"href":"https:\/\/tjerkstra.com\/wordpress\/wp-json\/wp\/v2\/comments?post=5655"}],"version-history":[{"count":1,"href":"https:\/\/tjerkstra.com\/wordpress\/wp-json\/wp\/v2\/posts\/5655\/revisions"}],"predecessor-version":[{"id":5656,"href":"https:\/\/tjerkstra.com\/wordpress\/wp-json\/wp\/v2\/posts\/5655\/revisions\/5656"}],"wp:attachment":[{"href":"https:\/\/tjerkstra.com\/wordpress\/wp-json\/wp\/v2\/media?parent=5655"}],"wp:term":[{"taxonomy":"category","embeddable":true,"href":"https:\/\/tjerkstra.com\/wordpress\/wp-json\/wp\/v2\/categories?post=5655"},{"taxonomy":"post_tag","embeddable":true,"href":"https:\/\/tjerkstra.com\/wordpress\/wp-json\/wp\/v2\/tags?post=5655"}],"curies":[{"name":"wp","href":"https:\/\/api.w.org\/{rel}","templated":true}]}}