{"id":5646,"date":"2016-10-31T20:55:10","date_gmt":"2016-10-31T20:55:10","guid":{"rendered":"http:\/\/www.tjerkstra.com\/wordpress\/?p=5646"},"modified":"2016-10-31T20:55:10","modified_gmt":"2016-10-31T20:55:10","slug":"fugelmetafoar","status":"publish","type":"post","link":"https:\/\/tjerkstra.com\/wordpress\/lyrysk-deiboek\/fugelmetafoar\/","title":{"rendered":"F\u00fbgelmetafoar"},"content":{"rendered":"<table class=\"contentpaneopen\">\n<tbody>\n<tr>\n<td class=\"contentheading\" width=\"100%\"><\/td>\n<td class=\"buttonheading\" align=\"right\" width=\"100%\"><a title=\"PDF\"> <img decoding=\"async\" src=\"http:\/\/www.tjerkstra.com\/images\/M_images\/pdf_button.png\" alt=\"PDF\" name=\"image\" align=\"middle\" border=\"0\" \/> <\/a><\/td>\n<td class=\"buttonheading\" align=\"right\" width=\"100%\"><a title=\"Print\"> <img decoding=\"async\" src=\"http:\/\/www.tjerkstra.com\/images\/M_images\/printButton.png\" alt=\"Print\" name=\"image\" align=\"middle\" border=\"0\" \/> <\/a><\/td>\n<td class=\"buttonheading\" align=\"right\" width=\"100%\"><a title=\"E-mail\"> <img decoding=\"async\" src=\"http:\/\/www.tjerkstra.com\/images\/M_images\/emailButton.png\" alt=\"E-mail\" name=\"image\" align=\"middle\" border=\"0\" \/> <\/a><\/td>\n<\/tr>\n<\/tbody>\n<\/table>\n<table class=\"contentpaneopen\">\n<tbody>\n<tr>\n<td colspan=\"2\" valign=\"top\">Lit f\u00fbgels yn har dwaan fertelle<br \/>\nfan &#8217;t bestean yn &#8217;t hegere segmint,<br \/>\ndat fan it minskedier,<br \/>\nfoar him is it in byld, in hint<br \/>\nom solo of oant s\u00e2n te tellen.<\/p>\n<p><img loading=\"lazy\" decoding=\"async\" title=\"Image\" src=\"http:\/\/www.tjerkstra.com\/images\/stories\/deiboek5\/tn_img_6237.jpg\" alt=\"Image\" width=\"450\" height=\"338\" border=\"0\" hspace=\"6\" \/><\/p>\n<p>D\u00ear sit er solo op in t\u00fbke,<br \/>\nskerp syn snaffel en syn eachopslach,<br \/>\noars komt men net sa fier,<br \/>\nde evol\u00fasje makket wach,<br \/>\nd\u00earby kin hy gjin oaren br\u00fbke.<\/p>\n<p><img loading=\"lazy\" decoding=\"async\" title=\"Image\" src=\"http:\/\/www.tjerkstra.com\/images\/stories\/deiboek5\/tn_img_6270.jpg\" alt=\"Image\" width=\"450\" height=\"338\" border=\"0\" hspace=\"6\" \/><\/p>\n<p>Dan hy, de sjonger, \u00fas kanarje,<br \/>\nsykjend yn de spegel om de oar,<br \/>\n\u00fas spegel, want wiswier,<br \/>\ndy h\u00e2ldt er foar &#8217;t fiktive foar,<br \/>\ngjin wjuk of snaffel sil er sparje.<\/p>\n<p><img loading=\"lazy\" decoding=\"async\" title=\"Image\" src=\"http:\/\/www.tjerkstra.com\/images\/stories\/deiboek5\/tn_img_6260.jpg\" alt=\"Image\" width=\"450\" height=\"338\" border=\"0\" hspace=\"6\" \/><\/p>\n<p>Sy binne rotsf\u00east yn &#8217;t fertrouwen<br \/>\ndat it oankomt op &#8216;e hiele ploech,<br \/>\nnet inkeld foar de sier,<br \/>\nmar ek as selskip yn de kroech<br \/>\nmei kop- en wjukslach-kreaze frouwen.<\/p>\n<p>Noch heger yn de evol\u00fasje<br \/>\nfleane lorres op &#8216;e mjitte fan<br \/>\n&#8216;in duo jout fertier&#8217;:<br \/>\nit hiele libben frou en man,<br \/>\nwant yn elkoar ha sy fid\u00fasje.<\/p>\n<p><img loading=\"lazy\" decoding=\"async\" title=\"Image\" src=\"http:\/\/www.tjerkstra.com\/images\/stories\/deiboek5\/tn_img_6165.jpg\" alt=\"Image\" width=\"450\" height=\"338\" border=\"0\" hspace=\"6\" \/><\/td>\n<\/tr>\n<\/tbody>\n<\/table>\n","protected":false},"excerpt":{"rendered":"<p>Lit f\u00fbgels yn har dwaan fertelle fan &#8217;t bestean yn &#8217;t hegere segmint, dat fan it minskedier, foar him is it in byld, in hint om solo of oant s\u00e2n te tellen. D\u00ear sit er solo op in t\u00fbke, skerp syn snaffel en syn eachopslach, oars komt men net sa fier, de evol\u00fasje makket wach, [&hellip;]<\/p>\n","protected":false},"author":1,"featured_media":0,"comment_status":"closed","ping_status":"closed","sticky":false,"template":"","format":"standard","meta":{"footnotes":""},"categories":[3],"tags":[],"class_list":["post-5646","post","type-post","status-publish","format-standard","hentry","category-lyrysk-deiboek"],"_links":{"self":[{"href":"https:\/\/tjerkstra.com\/wordpress\/wp-json\/wp\/v2\/posts\/5646","targetHints":{"allow":["GET"]}}],"collection":[{"href":"https:\/\/tjerkstra.com\/wordpress\/wp-json\/wp\/v2\/posts"}],"about":[{"href":"https:\/\/tjerkstra.com\/wordpress\/wp-json\/wp\/v2\/types\/post"}],"author":[{"embeddable":true,"href":"https:\/\/tjerkstra.com\/wordpress\/wp-json\/wp\/v2\/users\/1"}],"replies":[{"embeddable":true,"href":"https:\/\/tjerkstra.com\/wordpress\/wp-json\/wp\/v2\/comments?post=5646"}],"version-history":[{"count":1,"href":"https:\/\/tjerkstra.com\/wordpress\/wp-json\/wp\/v2\/posts\/5646\/revisions"}],"predecessor-version":[{"id":5647,"href":"https:\/\/tjerkstra.com\/wordpress\/wp-json\/wp\/v2\/posts\/5646\/revisions\/5647"}],"wp:attachment":[{"href":"https:\/\/tjerkstra.com\/wordpress\/wp-json\/wp\/v2\/media?parent=5646"}],"wp:term":[{"taxonomy":"category","embeddable":true,"href":"https:\/\/tjerkstra.com\/wordpress\/wp-json\/wp\/v2\/categories?post=5646"},{"taxonomy":"post_tag","embeddable":true,"href":"https:\/\/tjerkstra.com\/wordpress\/wp-json\/wp\/v2\/tags?post=5646"}],"curies":[{"name":"wp","href":"https:\/\/api.w.org\/{rel}","templated":true}]}}