{"id":548,"date":"2016-09-24T18:32:03","date_gmt":"2016-09-24T18:32:03","guid":{"rendered":"http:\/\/www.tjerkstra.com\/wordpress\/?p=548"},"modified":"2016-09-24T18:37:52","modified_gmt":"2016-09-24T18:37:52","slug":"548","status":"publish","type":"post","link":"https:\/\/tjerkstra.com\/wordpress\/lyrysk-deiboek\/548\/","title":{"rendered":"Skiednislearaar"},"content":{"rendered":"<table class=\"contentpaneopen\">\n<tbody>\n<tr>\n<td class=\"contentheading\" width=\"100%\"><\/td>\n<td class=\"buttonheading\" align=\"right\" width=\"100%\"><a title=\"PDF\"> <img decoding=\"async\" src=\"http:\/\/www.tjerkstra.com\/images\/M_images\/pdf_button.png\" alt=\"PDF\" name=\"image\" align=\"middle\" border=\"0\" \/> <\/a><\/td>\n<td class=\"buttonheading\" align=\"right\" width=\"100%\"><a title=\"Print\"> <img decoding=\"async\" src=\"http:\/\/www.tjerkstra.com\/images\/M_images\/printButton.png\" alt=\"Print\" name=\"image\" align=\"middle\" border=\"0\" \/> <\/a><\/td>\n<td class=\"buttonheading\" align=\"right\" width=\"100%\"><a title=\"E-mail\"> <img decoding=\"async\" src=\"http:\/\/www.tjerkstra.com\/images\/M_images\/emailButton.png\" alt=\"E-mail\" name=\"image\" align=\"middle\" border=\"0\" \/> <\/a><\/td>\n<\/tr>\n<\/tbody>\n<\/table>\n<table class=\"contentpaneopen\">\n<tbody>\n<tr>\n<td colspan=\"2\" valign=\"top\">Ik kom der alle sneinen l\u00e2ns,<br \/>\nit paad d\u00ear&#8217;t eartiids jagers r\u00fbnen<br \/>\nfoar&#8217;t trekskip dat de riezgers brocht<br \/>\nfan Snits nei Ljouwert, d\u00ear&#8217;t se f\u00fbnen<br \/>\nbestimming foar har guod, ferkocht<br \/>\nsa dat se d\u00ear mei gl\u00e2ns op w\u00fbnen:<br \/>\nit jaachpaad, skiednis yn bal\u00e2ns.<img loading=\"lazy\" decoding=\"async\" title=\"Image\" src=\"http:\/\/www.tjerkstra.com\/images\/stories\/deiboek\/ynternet_100_0951.jpg\" alt=\"Image\" width=\"450\" height=\"338\" border=\"0\" hspace=\"6\" \/><\/p>\n<p>D\u00ear fart in pontsje oer de feart<br \/>\nfan jaachpaad nei it h\u00f4f mei wente,<br \/>\nd\u00ear&#8217;t hy dy&#8217;t my doe skiednis joech,<br \/>\nas Adam libbenstwigen inte<br \/>\noant &#8217;t wrede needlot harren sloech,<br \/>\ndat \u00fat bal\u00e2ns brocht en gjin rinte,<br \/>\nsyn frou glied \u00fat en foel ferkeard.<\/p>\n<p><img loading=\"lazy\" decoding=\"async\" title=\"Image\" src=\"http:\/\/www.tjerkstra.com\/images\/stories\/deiboek\/ynternet_100_0952.jpg\" alt=\"Image\" width=\"450\" height=\"338\" border=\"0\" hspace=\"6\" \/><\/p>\n<p>Noch glydt dat pontsje oer de feart,<br \/>\nin libben lutsen troch de wiken,<br \/>\nbytiden licht, mar meastal swier,<br \/>\nin Adamsh\u00f4f dat net mear liket<br \/>\nop &#8217;t paradys mei Eva&#8217;s blier<br \/>\nbelutsen aard, dat him ferrike&#8230;<br \/>\nsyn skiednis hat ferlies oanleard.<\/p>\n<p><img loading=\"lazy\" decoding=\"async\" title=\"Image\" src=\"http:\/\/www.tjerkstra.com\/images\/stories\/deiboek\/ynternet_100_0953.jpg\" alt=\"Image\" width=\"450\" height=\"338\" border=\"0\" hspace=\"6\" \/><\/td>\n<\/tr>\n<\/tbody>\n<\/table>\n","protected":false},"excerpt":{"rendered":"<p>Ik kom der alle sneinen l\u00e2ns, it paad d\u00ear&#8217;t eartiids jagers r\u00fbnen foar&#8217;t trekskip dat de riezgers brocht fan Snits nei Ljouwert, d\u00ear&#8217;t se f\u00fbnen bestimming foar har guod, ferkocht sa dat se d\u00ear mei gl\u00e2ns op w\u00fbnen: it jaachpaad, skiednis yn bal\u00e2ns. D\u00ear fart in pontsje oer de feart fan jaachpaad nei it h\u00f4f [&hellip;]<\/p>\n","protected":false},"author":1,"featured_media":0,"comment_status":"closed","ping_status":"closed","sticky":false,"template":"","format":"standard","meta":{"footnotes":""},"categories":[3],"tags":[],"class_list":["post-548","post","type-post","status-publish","format-standard","hentry","category-lyrysk-deiboek"],"_links":{"self":[{"href":"https:\/\/tjerkstra.com\/wordpress\/wp-json\/wp\/v2\/posts\/548","targetHints":{"allow":["GET"]}}],"collection":[{"href":"https:\/\/tjerkstra.com\/wordpress\/wp-json\/wp\/v2\/posts"}],"about":[{"href":"https:\/\/tjerkstra.com\/wordpress\/wp-json\/wp\/v2\/types\/post"}],"author":[{"embeddable":true,"href":"https:\/\/tjerkstra.com\/wordpress\/wp-json\/wp\/v2\/users\/1"}],"replies":[{"embeddable":true,"href":"https:\/\/tjerkstra.com\/wordpress\/wp-json\/wp\/v2\/comments?post=548"}],"version-history":[{"count":2,"href":"https:\/\/tjerkstra.com\/wordpress\/wp-json\/wp\/v2\/posts\/548\/revisions"}],"predecessor-version":[{"id":555,"href":"https:\/\/tjerkstra.com\/wordpress\/wp-json\/wp\/v2\/posts\/548\/revisions\/555"}],"wp:attachment":[{"href":"https:\/\/tjerkstra.com\/wordpress\/wp-json\/wp\/v2\/media?parent=548"}],"wp:term":[{"taxonomy":"category","embeddable":true,"href":"https:\/\/tjerkstra.com\/wordpress\/wp-json\/wp\/v2\/categories?post=548"},{"taxonomy":"post_tag","embeddable":true,"href":"https:\/\/tjerkstra.com\/wordpress\/wp-json\/wp\/v2\/tags?post=548"}],"curies":[{"name":"wp","href":"https:\/\/api.w.org\/{rel}","templated":true}]}}