{"id":5396,"date":"2016-10-30T20:00:37","date_gmt":"2016-10-30T20:00:37","guid":{"rendered":"http:\/\/www.tjerkstra.com\/wordpress\/?p=5396"},"modified":"2016-10-30T20:00:37","modified_gmt":"2016-10-30T20:00:37","slug":"famke-mei-pearel","status":"publish","type":"post","link":"https:\/\/tjerkstra.com\/wordpress\/keunst\/famke-mei-pearel\/","title":{"rendered":"Famke mei pearel"},"content":{"rendered":"<table class=\"contentpaneopen\">\n<tbody>\n<tr>\n<td class=\"contentheading\" width=\"100%\"><\/td>\n<td class=\"buttonheading\" align=\"right\" width=\"100%\"><a title=\"PDF\"> <img decoding=\"async\" src=\"http:\/\/www.tjerkstra.com\/images\/M_images\/pdf_button.png\" alt=\"PDF\" name=\"image\" align=\"middle\" border=\"0\" \/> <\/a><\/td>\n<td class=\"buttonheading\" align=\"right\" width=\"100%\"><a title=\"Print\"> <img decoding=\"async\" src=\"http:\/\/www.tjerkstra.com\/images\/M_images\/printButton.png\" alt=\"Print\" name=\"image\" align=\"middle\" border=\"0\" \/> <\/a><\/td>\n<td class=\"buttonheading\" align=\"right\" width=\"100%\"><a title=\"E-mail\"> <img decoding=\"async\" src=\"http:\/\/www.tjerkstra.com\/images\/M_images\/emailButton.png\" alt=\"E-mail\" name=\"image\" align=\"middle\" border=\"0\" \/> <\/a><\/td>\n<\/tr>\n<\/tbody>\n<\/table>\n<table class=\"contentpaneopen\">\n<tbody>\n<tr>\n<td colspan=\"2\" valign=\"top\"><em>fan Johannes Vermeer*<\/p>\n<p><img loading=\"lazy\" decoding=\"async\" title=\"Image\" src=\"http:\/\/www.tjerkstra.com\/images\/stories\/deiboek4\/tn_img417.jpg\" alt=\"Image\" width=\"366\" height=\"450\" border=\"0\" hspace=\"6\" \/><br \/>\n<\/em><br \/>\nHongst by de bakker yn de h\u00fbs,<br \/>\nwiest lykwols net syn dochter,<br \/>\ntsjinnest wol as \u00fbnderp\u00e2n,<br \/>\nomdat dyn makker kocht d\u00ear<br \/>\nsyn brea mei inkeld yn de h\u00e2n<br \/>\ndyn skientme by de r\u00fbs.<\/p>\n<p>Do sneinske pearel yn blaugiel,<br \/>\nwjerkeatst de hoare stilte,<br \/>\nwylst dyn antlit sjongt yn &#8217;t koar<br \/>\nfan binnen: stille wille;<br \/>\ndyn stimmich glimke klinkt sonoar<br \/>\n\u00fat djipte fan de siel.<\/p>\n<p>It noarderljocht, de melody,<br \/>\ndy&#8217;t kleuren jout har wearde,<br \/>\nstimt dyn sjongen klear yn mei<br \/>\nen &#8217;t foarmspul dat dy learde<br \/>\nit ritme fan de s\u00e2nde dei,<br \/>\nbeweecht as d\u00fbns mei dy.<\/p>\n<p><em>* Johannes Vermeer (1632-1675)<br \/>\nwie in skilder fan it ljocht.<br \/>\nHy libbe mei syn h\u00fash\u00e2lding<br \/>\n(njoggen bern) yn earmoede.<\/p>\n<p><\/em><em><\/p>\n<p><\/em><\/td>\n<\/tr>\n<\/tbody>\n<\/table>\n","protected":false},"excerpt":{"rendered":"<p>fan Johannes Vermeer* Hongst by de bakker yn de h\u00fbs, wiest lykwols net syn dochter, tsjinnest wol as \u00fbnderp\u00e2n, omdat dyn makker kocht d\u00ear syn brea mei inkeld yn de h\u00e2n dyn skientme by de r\u00fbs. Do sneinske pearel yn blaugiel, wjerkeatst de hoare stilte, wylst dyn antlit sjongt yn &#8217;t koar fan binnen: stille [&hellip;]<\/p>\n","protected":false},"author":1,"featured_media":0,"comment_status":"closed","ping_status":"closed","sticky":false,"template":"","format":"standard","meta":{"footnotes":""},"categories":[6],"tags":[],"class_list":["post-5396","post","type-post","status-publish","format-standard","hentry","category-keunst"],"_links":{"self":[{"href":"https:\/\/tjerkstra.com\/wordpress\/wp-json\/wp\/v2\/posts\/5396","targetHints":{"allow":["GET"]}}],"collection":[{"href":"https:\/\/tjerkstra.com\/wordpress\/wp-json\/wp\/v2\/posts"}],"about":[{"href":"https:\/\/tjerkstra.com\/wordpress\/wp-json\/wp\/v2\/types\/post"}],"author":[{"embeddable":true,"href":"https:\/\/tjerkstra.com\/wordpress\/wp-json\/wp\/v2\/users\/1"}],"replies":[{"embeddable":true,"href":"https:\/\/tjerkstra.com\/wordpress\/wp-json\/wp\/v2\/comments?post=5396"}],"version-history":[{"count":1,"href":"https:\/\/tjerkstra.com\/wordpress\/wp-json\/wp\/v2\/posts\/5396\/revisions"}],"predecessor-version":[{"id":5397,"href":"https:\/\/tjerkstra.com\/wordpress\/wp-json\/wp\/v2\/posts\/5396\/revisions\/5397"}],"wp:attachment":[{"href":"https:\/\/tjerkstra.com\/wordpress\/wp-json\/wp\/v2\/media?parent=5396"}],"wp:term":[{"taxonomy":"category","embeddable":true,"href":"https:\/\/tjerkstra.com\/wordpress\/wp-json\/wp\/v2\/categories?post=5396"},{"taxonomy":"post_tag","embeddable":true,"href":"https:\/\/tjerkstra.com\/wordpress\/wp-json\/wp\/v2\/tags?post=5396"}],"curies":[{"name":"wp","href":"https:\/\/api.w.org\/{rel}","templated":true}]}}