{"id":5310,"date":"2016-10-30T18:49:05","date_gmt":"2016-10-30T18:49:05","guid":{"rendered":"http:\/\/www.tjerkstra.com\/wordpress\/?p=5310"},"modified":"2016-10-30T18:49:05","modified_gmt":"2016-10-30T18:49:05","slug":"dyktaal","status":"publish","type":"post","link":"https:\/\/tjerkstra.com\/wordpress\/polityk\/dyktaal\/","title":{"rendered":"Dyktaal"},"content":{"rendered":"<table class=\"contentpaneopen\">\n<tbody>\n<tr>\n<td class=\"contentheading\" width=\"100%\"><\/td>\n<td class=\"buttonheading\" align=\"right\" width=\"100%\"><a title=\"PDF\"> <img decoding=\"async\" src=\"http:\/\/www.tjerkstra.com\/images\/M_images\/pdf_button.png\" alt=\"PDF\" name=\"image\" align=\"middle\" border=\"0\" \/> <\/a><\/td>\n<td class=\"buttonheading\" align=\"right\" width=\"100%\"><a title=\"Print\"> <img decoding=\"async\" src=\"http:\/\/www.tjerkstra.com\/images\/M_images\/printButton.png\" alt=\"Print\" name=\"image\" align=\"middle\" border=\"0\" \/> <\/a><\/td>\n<td class=\"buttonheading\" align=\"right\" width=\"100%\"><a title=\"E-mail\"> <img decoding=\"async\" src=\"http:\/\/www.tjerkstra.com\/images\/M_images\/emailButton.png\" alt=\"E-mail\" name=\"image\" align=\"middle\" border=\"0\" \/> <\/a><\/td>\n<\/tr>\n<\/tbody>\n<\/table>\n<table class=\"contentpaneopen\">\n<tbody>\n<tr>\n<td colspan=\"2\" valign=\"top\">D\u00ear&#8217;t gjin dyk it l\u00e2n omklammet,<br \/>\nis it simmers ljochtskyndei<br \/>\nas de sinne hieltyd flammet<br \/>\nen gjin see komt Frysl\u00e2n nei,<br \/>\nmar as winterdeis de weagen<br \/>\nr\u00f4lje fierder as it str\u00e2n,<br \/>\nwinsket men it wie in leagen<br \/>\ndat de see spielt oer it l\u00e2n.<\/p>\n<p>D\u00ear&#8217;t de dyk it l\u00e2n omklammet,<br \/>\nsprekt de Fries in kleare taal:<br \/>\nwa&#8217;t him foar de diken skammet,<br \/>\ngiet de see mei oan de haal,<br \/>\nr\u00f4lje fier globale weagen,<br \/>\nslepe mei de eigen taal,<br \/>\nmar wa&#8217;t h\u00e2ldt de dyk foar eagen,<br \/>\ndocht de tiid troch syn ferhaal.<\/p>\n<p><img loading=\"lazy\" decoding=\"async\" title=\"Image\" src=\"http:\/\/www.tjerkstra.com\/images\/stories\/deiboek4\/tn_101_0116.jpg\" alt=\"Image\" width=\"450\" height=\"338\" border=\"0\" hspace=\"6\" \/><\/td>\n<\/tr>\n<\/tbody>\n<\/table>\n","protected":false},"excerpt":{"rendered":"<p>D\u00ear&#8217;t gjin dyk it l\u00e2n omklammet, is it simmers ljochtskyndei as de sinne hieltyd flammet en gjin see komt Frysl\u00e2n nei, mar as winterdeis de weagen r\u00f4lje fierder as it str\u00e2n, winsket men it wie in leagen dat de see spielt oer it l\u00e2n. D\u00ear&#8217;t de dyk it l\u00e2n omklammet, sprekt de Fries in kleare [&hellip;]<\/p>\n","protected":false},"author":1,"featured_media":0,"comment_status":"closed","ping_status":"closed","sticky":false,"template":"","format":"standard","meta":{"footnotes":""},"categories":[7],"tags":[],"class_list":["post-5310","post","type-post","status-publish","format-standard","hentry","category-polityk"],"_links":{"self":[{"href":"https:\/\/tjerkstra.com\/wordpress\/wp-json\/wp\/v2\/posts\/5310","targetHints":{"allow":["GET"]}}],"collection":[{"href":"https:\/\/tjerkstra.com\/wordpress\/wp-json\/wp\/v2\/posts"}],"about":[{"href":"https:\/\/tjerkstra.com\/wordpress\/wp-json\/wp\/v2\/types\/post"}],"author":[{"embeddable":true,"href":"https:\/\/tjerkstra.com\/wordpress\/wp-json\/wp\/v2\/users\/1"}],"replies":[{"embeddable":true,"href":"https:\/\/tjerkstra.com\/wordpress\/wp-json\/wp\/v2\/comments?post=5310"}],"version-history":[{"count":1,"href":"https:\/\/tjerkstra.com\/wordpress\/wp-json\/wp\/v2\/posts\/5310\/revisions"}],"predecessor-version":[{"id":5311,"href":"https:\/\/tjerkstra.com\/wordpress\/wp-json\/wp\/v2\/posts\/5310\/revisions\/5311"}],"wp:attachment":[{"href":"https:\/\/tjerkstra.com\/wordpress\/wp-json\/wp\/v2\/media?parent=5310"}],"wp:term":[{"taxonomy":"category","embeddable":true,"href":"https:\/\/tjerkstra.com\/wordpress\/wp-json\/wp\/v2\/categories?post=5310"},{"taxonomy":"post_tag","embeddable":true,"href":"https:\/\/tjerkstra.com\/wordpress\/wp-json\/wp\/v2\/tags?post=5310"}],"curies":[{"name":"wp","href":"https:\/\/api.w.org\/{rel}","templated":true}]}}