{"id":5307,"date":"2016-10-30T18:47:48","date_gmt":"2016-10-30T18:47:48","guid":{"rendered":"http:\/\/www.tjerkstra.com\/wordpress\/?p=5307"},"modified":"2016-10-30T18:47:48","modified_gmt":"2016-10-30T18:47:48","slug":"ballade-fan-frysk-amearika","status":"publish","type":"post","link":"https:\/\/tjerkstra.com\/wordpress\/polityk\/ballade-fan-frysk-amearika\/","title":{"rendered":"Ballade fan Frysk Amearika"},"content":{"rendered":"<table class=\"contentpaneopen\">\n<tbody>\n<tr>\n<td class=\"contentheading\" width=\"100%\"><\/td>\n<td class=\"buttonheading\" align=\"right\" width=\"100%\"><a title=\"PDF\"> <img decoding=\"async\" src=\"http:\/\/www.tjerkstra.com\/images\/M_images\/pdf_button.png\" alt=\"PDF\" name=\"image\" align=\"middle\" border=\"0\" \/> <\/a><\/td>\n<td class=\"buttonheading\" align=\"right\" width=\"100%\"><a title=\"Print\"> <img decoding=\"async\" src=\"http:\/\/www.tjerkstra.com\/images\/M_images\/printButton.png\" alt=\"Print\" name=\"image\" align=\"middle\" border=\"0\" \/> <\/a><\/td>\n<td class=\"buttonheading\" align=\"right\" width=\"100%\"><a title=\"E-mail\"> <img decoding=\"async\" src=\"http:\/\/www.tjerkstra.com\/images\/M_images\/emailButton.png\" alt=\"E-mail\" name=\"image\" align=\"middle\" border=\"0\" \/> <\/a><\/td>\n<\/tr>\n<\/tbody>\n<\/table>\n<table class=\"contentpaneopen\">\n<tbody>\n<tr>\n<td colspan=\"2\" valign=\"top\">Wy binne grutsk op Stuyvesant,<br \/>\nin d\u00fbmnyssoan \u00fat Skerpenseel,<br \/>\ngjin passifistysk preker want<br \/>\nhy gie foar g\u00fbverneur en skeel.<\/p>\n<p><img loading=\"lazy\" decoding=\"async\" title=\"Image\" src=\"http:\/\/www.tjerkstra.com\/images\/stories\/deiboek4\/tn_img078.jpg\" alt=\"Image\" width=\"445\" height=\"450\" border=\"0\" hspace=\"6\" \/><br \/>\nVitaly Komar en Alex Melamid<\/p>\n<p>Dochs hiene wy him leaver h\u00e2n<br \/>\nyn &#8217;t fel fan Hudson, Ingelsman<br \/>\nyn tsjinst fan &#8217;t blanke Nederl\u00e2n,<br \/>\nsa makke Hudson der wat fan.<\/p>\n<p>Hy foer nei west, mar woe nei east<br \/>\nen seach in yndianestam,<br \/>\nit blanke wie mear yn syn geast,<br \/>\ngjin Readst\u00ead mar Nij Amsterdam.<\/p>\n<p>As Stuyvesant doe Hudson wie,<br \/>\ndan hie it west Nij Skerpenseel,<br \/>\nsa&#8217;n Fries is daliks \u00fat &#8216;e rie,<br \/>\nNij Ljouwert jout yn Snits al skeel.<\/p>\n<p>Dat Stuyvesant liet stowe &#8217;t s\u00e2n,<br \/>\nhy wie in hurde Fries fan aard,<br \/>\nmar r\u00eade &#8217;t net mei Ingel\u00e2n,<br \/>\nNij Amsterdam gie fan de kaart.<\/p>\n<p>De Yorkers keazen foar New York,<br \/>\nde Ingelsman waard kolonist<br \/>\nen krige &#8217;t letter oan de st\u00f4k<br \/>\nmei eigen folk dat better wist.<\/p>\n<p>Sa seach Amearika it ljocht,<br \/>\nFeriene Steaten waarden &#8217;t l\u00e2n<br \/>\nfan frijheid en fan minskerjocht,<br \/>\n\u00fas Frysl\u00e2n hie &#8217;t sa ieuwen h\u00e2n.<\/p>\n<p>De geast fan Stuyvesant stie op<br \/>\nen sweefde nei Amearika,<br \/>\nerkenning wie de Fryske rop,<br \/>\nas earste l\u00e2n soe &#8217;t d\u00ear op ta.<\/p>\n<p>De readh\u00fbd yn it reservaat,<br \/>\nde terrorist yn Kuba&#8217;s Bay,<br \/>\nde CIA noch sterk paraat,<br \/>\nfrij\u00fat want rjocht troch bush en see.<\/p>\n<p><img loading=\"lazy\" decoding=\"async\" title=\"Image\" src=\"http:\/\/www.tjerkstra.com\/images\/stories\/deiboek4\/tn_101_0043.jpg\" alt=\"Image\" width=\"450\" height=\"338\" border=\"0\" hspace=\"6\" \/><\/p>\n<p>Dat Frysl\u00e2n fiert it jubileumfeest<br \/>\nyn &#8217;t teken fan Nij Skerpenseel<br \/>\nen mei in frije, rjochte geast,<br \/>\nwant wy besjogge &#8217;t s\u00fbnder skeel.<\/td>\n<\/tr>\n<\/tbody>\n<\/table>\n","protected":false},"excerpt":{"rendered":"<p>Wy binne grutsk op Stuyvesant, in d\u00fbmnyssoan \u00fat Skerpenseel, gjin passifistysk preker want hy gie foar g\u00fbverneur en skeel. Vitaly Komar en Alex Melamid Dochs hiene wy him leaver h\u00e2n yn &#8217;t fel fan Hudson, Ingelsman yn tsjinst fan &#8217;t blanke Nederl\u00e2n, sa makke Hudson der wat fan. Hy foer nei west, mar woe nei [&hellip;]<\/p>\n","protected":false},"author":1,"featured_media":0,"comment_status":"closed","ping_status":"closed","sticky":false,"template":"","format":"standard","meta":{"footnotes":""},"categories":[7],"tags":[],"class_list":["post-5307","post","type-post","status-publish","format-standard","hentry","category-polityk"],"_links":{"self":[{"href":"https:\/\/tjerkstra.com\/wordpress\/wp-json\/wp\/v2\/posts\/5307","targetHints":{"allow":["GET"]}}],"collection":[{"href":"https:\/\/tjerkstra.com\/wordpress\/wp-json\/wp\/v2\/posts"}],"about":[{"href":"https:\/\/tjerkstra.com\/wordpress\/wp-json\/wp\/v2\/types\/post"}],"author":[{"embeddable":true,"href":"https:\/\/tjerkstra.com\/wordpress\/wp-json\/wp\/v2\/users\/1"}],"replies":[{"embeddable":true,"href":"https:\/\/tjerkstra.com\/wordpress\/wp-json\/wp\/v2\/comments?post=5307"}],"version-history":[{"count":1,"href":"https:\/\/tjerkstra.com\/wordpress\/wp-json\/wp\/v2\/posts\/5307\/revisions"}],"predecessor-version":[{"id":5308,"href":"https:\/\/tjerkstra.com\/wordpress\/wp-json\/wp\/v2\/posts\/5307\/revisions\/5308"}],"wp:attachment":[{"href":"https:\/\/tjerkstra.com\/wordpress\/wp-json\/wp\/v2\/media?parent=5307"}],"wp:term":[{"taxonomy":"category","embeddable":true,"href":"https:\/\/tjerkstra.com\/wordpress\/wp-json\/wp\/v2\/categories?post=5307"},{"taxonomy":"post_tag","embeddable":true,"href":"https:\/\/tjerkstra.com\/wordpress\/wp-json\/wp\/v2\/tags?post=5307"}],"curies":[{"name":"wp","href":"https:\/\/api.w.org\/{rel}","templated":true}]}}