{"id":5302,"date":"2016-10-30T18:45:06","date_gmt":"2016-10-30T18:45:06","guid":{"rendered":"http:\/\/www.tjerkstra.com\/wordpress\/?p=5302"},"modified":"2016-10-30T18:45:06","modified_gmt":"2016-10-30T18:45:06","slug":"mobyl","status":"publish","type":"post","link":"https:\/\/tjerkstra.com\/wordpress\/polityk\/mobyl\/","title":{"rendered":"Mobyl"},"content":{"rendered":"<table class=\"contentpaneopen\">\n<tbody>\n<tr>\n<td class=\"contentheading\" width=\"100%\"><\/td>\n<td class=\"buttonheading\" align=\"right\" width=\"100%\"><a title=\"PDF\"> <img decoding=\"async\" src=\"http:\/\/www.tjerkstra.com\/images\/M_images\/pdf_button.png\" alt=\"PDF\" name=\"image\" align=\"middle\" border=\"0\" \/> <\/a><\/td>\n<td class=\"buttonheading\" align=\"right\" width=\"100%\"><a title=\"Print\"> <img decoding=\"async\" src=\"http:\/\/www.tjerkstra.com\/images\/M_images\/printButton.png\" alt=\"Print\" name=\"image\" align=\"middle\" border=\"0\" \/> <\/a><\/td>\n<td class=\"buttonheading\" align=\"right\" width=\"100%\"><a title=\"E-mail\"> <img decoding=\"async\" src=\"http:\/\/www.tjerkstra.com\/images\/M_images\/emailButton.png\" alt=\"E-mail\" name=\"image\" align=\"middle\" border=\"0\" \/> <\/a><\/td>\n<\/tr>\n<\/tbody>\n<\/table>\n<table class=\"contentpaneopen\">\n<tbody>\n<tr>\n<td colspan=\"2\" valign=\"top\">Wat is mobiler as de ljip,<br \/>\n\u00fas Frysk ikoan yn d\u00fbkelflecht<br \/>\ndy&#8217;t maitiids loftshowt as wie&#8217;t echt<br \/>\nen binne aaien f\u00fbn of \u00fat,<br \/>\ndan makket er yn styl in trip.<\/p>\n<p>De finer fynt himsels mobyl<br \/>\nas hy mei pet op &#8217;t l\u00e2n yn set<br \/>\nen wolris draait om wurd en wet;<br \/>\nstjit hy op &#8217;t broedsje ta besl\u00fat,<br \/>\ndan telt er mei as ljippofyl.<\/p>\n<p>Yn &#8217;t suden reitsje se mobyl<br \/>\nas har ikoan is op &#8216;e trek,<br \/>\nin byld dat knalt har knettergek;<br \/>\nwannear&#8217;t de hagel rekket b\u00fat,<br \/>\ndan wurde sjitters gastrofyl.<\/p>\n<p>Net ien of neat is sa mobyl<br \/>\nas &#8217;t scoren fan it hege tal,<br \/>\nhiel oars as &#8216;k ha myn pet hjoed fol,<br \/>\n&#8217;t mobyltsje stjoert de aaishow \u00fat,<br \/>\ndat ljippo- wurdt ek digifyl.<\/p>\n<p><img loading=\"lazy\" decoding=\"async\" title=\"Image\" src=\"http:\/\/www.tjerkstra.com\/images\/stories\/deiboek4\/tn_100_9651.jpg\" alt=\"Image\" width=\"450\" height=\"338\" border=\"0\" hspace=\"6\" \/><\/td>\n<\/tr>\n<\/tbody>\n<\/table>\n","protected":false},"excerpt":{"rendered":"<p>Wat is mobiler as de ljip, \u00fas Frysk ikoan yn d\u00fbkelflecht dy&#8217;t maitiids loftshowt as wie&#8217;t echt en binne aaien f\u00fbn of \u00fat, dan makket er yn styl in trip. De finer fynt himsels mobyl as hy mei pet op &#8217;t l\u00e2n yn set en wolris draait om wurd en wet; stjit hy op &#8217;t [&hellip;]<\/p>\n","protected":false},"author":1,"featured_media":0,"comment_status":"closed","ping_status":"closed","sticky":false,"template":"","format":"standard","meta":{"footnotes":""},"categories":[7],"tags":[],"class_list":["post-5302","post","type-post","status-publish","format-standard","hentry","category-polityk"],"_links":{"self":[{"href":"https:\/\/tjerkstra.com\/wordpress\/wp-json\/wp\/v2\/posts\/5302","targetHints":{"allow":["GET"]}}],"collection":[{"href":"https:\/\/tjerkstra.com\/wordpress\/wp-json\/wp\/v2\/posts"}],"about":[{"href":"https:\/\/tjerkstra.com\/wordpress\/wp-json\/wp\/v2\/types\/post"}],"author":[{"embeddable":true,"href":"https:\/\/tjerkstra.com\/wordpress\/wp-json\/wp\/v2\/users\/1"}],"replies":[{"embeddable":true,"href":"https:\/\/tjerkstra.com\/wordpress\/wp-json\/wp\/v2\/comments?post=5302"}],"version-history":[{"count":1,"href":"https:\/\/tjerkstra.com\/wordpress\/wp-json\/wp\/v2\/posts\/5302\/revisions"}],"predecessor-version":[{"id":5303,"href":"https:\/\/tjerkstra.com\/wordpress\/wp-json\/wp\/v2\/posts\/5302\/revisions\/5303"}],"wp:attachment":[{"href":"https:\/\/tjerkstra.com\/wordpress\/wp-json\/wp\/v2\/media?parent=5302"}],"wp:term":[{"taxonomy":"category","embeddable":true,"href":"https:\/\/tjerkstra.com\/wordpress\/wp-json\/wp\/v2\/categories?post=5302"},{"taxonomy":"post_tag","embeddable":true,"href":"https:\/\/tjerkstra.com\/wordpress\/wp-json\/wp\/v2\/tags?post=5302"}],"curies":[{"name":"wp","href":"https:\/\/api.w.org\/{rel}","templated":true}]}}