{"id":5237,"date":"2016-10-30T18:12:46","date_gmt":"2016-10-30T18:12:46","guid":{"rendered":"http:\/\/www.tjerkstra.com\/wordpress\/?p=5237"},"modified":"2016-10-30T18:12:46","modified_gmt":"2016-10-30T18:12:46","slug":"foarby-de-stilte","status":"publish","type":"post","link":"https:\/\/tjerkstra.com\/wordpress\/lyrysk-deiboek\/foarby-de-stilte\/","title":{"rendered":"Foarby de stilte"},"content":{"rendered":"<table class=\"contentpaneopen\">\n<tbody>\n<tr>\n<td class=\"contentheading\" width=\"100%\"><\/td>\n<td class=\"buttonheading\" align=\"right\" width=\"100%\"><a title=\"PDF\"> <img decoding=\"async\" src=\"http:\/\/www.tjerkstra.com\/images\/M_images\/pdf_button.png\" alt=\"PDF\" name=\"image\" align=\"middle\" border=\"0\" \/> <\/a><\/td>\n<td class=\"buttonheading\" align=\"right\" width=\"100%\"><a title=\"Print\"> <img decoding=\"async\" src=\"http:\/\/www.tjerkstra.com\/images\/M_images\/printButton.png\" alt=\"Print\" name=\"image\" align=\"middle\" border=\"0\" \/> <\/a><\/td>\n<td class=\"buttonheading\" align=\"right\" width=\"100%\"><a title=\"E-mail\"> <img decoding=\"async\" src=\"http:\/\/www.tjerkstra.com\/images\/M_images\/emailButton.png\" alt=\"E-mail\" name=\"image\" align=\"middle\" border=\"0\" \/> <\/a><\/td>\n<\/tr>\n<\/tbody>\n<\/table>\n<table class=\"contentpaneopen\">\n<tbody>\n<tr>\n<td colspan=\"2\" valign=\"top\"><img loading=\"lazy\" decoding=\"async\" title=\"Image\" src=\"http:\/\/www.tjerkstra.com\/images\/stories\/deiboek5\/tn_img_5230.jpg\" alt=\"Image\" width=\"450\" height=\"338\" border=\"0\" hspace=\"6\" \/><\/p>\n<p>Noch is de himel blau en s\u00fbnder ein<br \/>\nen l\u00fbkt it wetter nei de fierte,<br \/>\nmar d\u00earmei is net alles sein.<\/p>\n<p>De willeboat op &#8217;t droege tusken stiel<br \/>\nsil fan gjin mar of weagen witte,<br \/>\nin healjier stilte is syn diel.<\/p>\n<p>Mei strutsen seilen leit it foar de w\u00e2l,<br \/>\nit sk\u00fbtsje kin it oars net litte:<br \/>\nde m\u00east rikt heech, wol net op st\u00e2l.<\/p>\n<p>De sleepboat is yn dizze tiid syn maat,<br \/>\nkin lang noch yn resessy sitte,<br \/>\nwant slepend is it liedersaard.<\/p>\n<p>It frachtskip hat it rom al wiken leech,<br \/>\nde romte kin it wol ferjitte,<br \/>\nit lossen sit de skipper heech.<\/p>\n<p>Mar tusken &#8217;t lege winterlibben yn<br \/>\nsil Frysl\u00e2ns flagge hertslach hjitte,<br \/>\nwant nei stilwaar stekt op de wyn.<\/td>\n<\/tr>\n<\/tbody>\n<\/table>\n","protected":false},"excerpt":{"rendered":"<p>Noch is de himel blau en s\u00fbnder ein en l\u00fbkt it wetter nei de fierte, mar d\u00earmei is net alles sein. De willeboat op &#8217;t droege tusken stiel sil fan gjin mar of weagen witte, in healjier stilte is syn diel. Mei strutsen seilen leit it foar de w\u00e2l, it sk\u00fbtsje kin it oars net [&hellip;]<\/p>\n","protected":false},"author":1,"featured_media":0,"comment_status":"closed","ping_status":"closed","sticky":false,"template":"","format":"standard","meta":{"footnotes":""},"categories":[3],"tags":[],"class_list":["post-5237","post","type-post","status-publish","format-standard","hentry","category-lyrysk-deiboek"],"_links":{"self":[{"href":"https:\/\/tjerkstra.com\/wordpress\/wp-json\/wp\/v2\/posts\/5237","targetHints":{"allow":["GET"]}}],"collection":[{"href":"https:\/\/tjerkstra.com\/wordpress\/wp-json\/wp\/v2\/posts"}],"about":[{"href":"https:\/\/tjerkstra.com\/wordpress\/wp-json\/wp\/v2\/types\/post"}],"author":[{"embeddable":true,"href":"https:\/\/tjerkstra.com\/wordpress\/wp-json\/wp\/v2\/users\/1"}],"replies":[{"embeddable":true,"href":"https:\/\/tjerkstra.com\/wordpress\/wp-json\/wp\/v2\/comments?post=5237"}],"version-history":[{"count":1,"href":"https:\/\/tjerkstra.com\/wordpress\/wp-json\/wp\/v2\/posts\/5237\/revisions"}],"predecessor-version":[{"id":5238,"href":"https:\/\/tjerkstra.com\/wordpress\/wp-json\/wp\/v2\/posts\/5237\/revisions\/5238"}],"wp:attachment":[{"href":"https:\/\/tjerkstra.com\/wordpress\/wp-json\/wp\/v2\/media?parent=5237"}],"wp:term":[{"taxonomy":"category","embeddable":true,"href":"https:\/\/tjerkstra.com\/wordpress\/wp-json\/wp\/v2\/categories?post=5237"},{"taxonomy":"post_tag","embeddable":true,"href":"https:\/\/tjerkstra.com\/wordpress\/wp-json\/wp\/v2\/tags?post=5237"}],"curies":[{"name":"wp","href":"https:\/\/api.w.org\/{rel}","templated":true}]}}