{"id":5235,"date":"2016-10-30T18:11:41","date_gmt":"2016-10-30T18:11:41","guid":{"rendered":"http:\/\/www.tjerkstra.com\/wordpress\/?p=5235"},"modified":"2016-10-30T18:11:41","modified_gmt":"2016-10-30T18:11:41","slug":"under-t-skerm","status":"publish","type":"post","link":"https:\/\/tjerkstra.com\/wordpress\/lyrysk-deiboek\/under-t-skerm\/","title":{"rendered":"Under &#8217;t skerm"},"content":{"rendered":"<table class=\"contentpaneopen\">\n<tbody>\n<tr>\n<td class=\"contentheading\" width=\"100%\"><\/td>\n<td class=\"buttonheading\" align=\"right\" width=\"100%\"><a title=\"PDF\"> <img decoding=\"async\" src=\"http:\/\/www.tjerkstra.com\/images\/M_images\/pdf_button.png\" alt=\"PDF\" name=\"image\" align=\"middle\" border=\"0\" \/> <\/a><\/td>\n<td class=\"buttonheading\" align=\"right\" width=\"100%\"><a title=\"Print\"> <img decoding=\"async\" src=\"http:\/\/www.tjerkstra.com\/images\/M_images\/printButton.png\" alt=\"Print\" name=\"image\" align=\"middle\" border=\"0\" \/> <\/a><\/td>\n<td class=\"buttonheading\" align=\"right\" width=\"100%\"><a title=\"E-mail\"> <img decoding=\"async\" src=\"http:\/\/www.tjerkstra.com\/images\/M_images\/emailButton.png\" alt=\"E-mail\" name=\"image\" align=\"middle\" border=\"0\" \/> <\/a><\/td>\n<\/tr>\n<\/tbody>\n<\/table>\n<table class=\"contentpaneopen\">\n<tbody>\n<tr>\n<td colspan=\"2\" valign=\"top\"><img loading=\"lazy\" decoding=\"async\" title=\"Image\" src=\"http:\/\/www.tjerkstra.com\/images\/stories\/deiboek5\/tn_img_5183.jpg\" alt=\"Image\" width=\"450\" height=\"338\" border=\"0\" hspace=\"6\" \/><\/p>\n<p>Hy stekt syn klauwen \u00fat,<br \/>\nmar kin net heger komme<br \/>\nas de skermen boppe st\u00e2len,<br \/>\nrikke jout de bear gjin spr\u00fat<br \/>\nen yn de winter wurdt er romme.<\/p>\n<p>Sa is it wr\u00e2ldsk ferrin,<br \/>\nwoe ha \u00fas \u00e2lde beppe,<br \/>\nwoartele yn &#8217;t f\u00easte leauwe,<br \/>\nfleane hat foar f\u00fbgels sin,<br \/>\nde minske mei allinnich ljeppe.<\/p>\n<p>Sjoch hoe&#8217;t de tiid ferglydt<br \/>\nnei hegerop en bromme<br \/>\n\u00fbnder &#8217;t skerm yn f\u00east fertrouwen<br \/>\ndat de karre fierder rydt<br \/>\nom Hear en hauk benei te kommen.<\/p>\n<p><img loading=\"lazy\" decoding=\"async\" title=\"Image\" src=\"http:\/\/www.tjerkstra.com\/images\/stories\/deiboek5\/tn_img_5218.jpg\" alt=\"Image\" width=\"189\" height=\"450\" border=\"0\" hspace=\"6\" \/><\/td>\n<\/tr>\n<\/tbody>\n<\/table>\n","protected":false},"excerpt":{"rendered":"<p>Hy stekt syn klauwen \u00fat, mar kin net heger komme as de skermen boppe st\u00e2len, rikke jout de bear gjin spr\u00fat en yn de winter wurdt er romme. Sa is it wr\u00e2ldsk ferrin, woe ha \u00fas \u00e2lde beppe, woartele yn &#8217;t f\u00easte leauwe, fleane hat foar f\u00fbgels sin, de minske mei allinnich ljeppe. Sjoch hoe&#8217;t [&hellip;]<\/p>\n","protected":false},"author":1,"featured_media":0,"comment_status":"closed","ping_status":"closed","sticky":false,"template":"","format":"standard","meta":{"footnotes":""},"categories":[3],"tags":[],"class_list":["post-5235","post","type-post","status-publish","format-standard","hentry","category-lyrysk-deiboek"],"_links":{"self":[{"href":"https:\/\/tjerkstra.com\/wordpress\/wp-json\/wp\/v2\/posts\/5235","targetHints":{"allow":["GET"]}}],"collection":[{"href":"https:\/\/tjerkstra.com\/wordpress\/wp-json\/wp\/v2\/posts"}],"about":[{"href":"https:\/\/tjerkstra.com\/wordpress\/wp-json\/wp\/v2\/types\/post"}],"author":[{"embeddable":true,"href":"https:\/\/tjerkstra.com\/wordpress\/wp-json\/wp\/v2\/users\/1"}],"replies":[{"embeddable":true,"href":"https:\/\/tjerkstra.com\/wordpress\/wp-json\/wp\/v2\/comments?post=5235"}],"version-history":[{"count":1,"href":"https:\/\/tjerkstra.com\/wordpress\/wp-json\/wp\/v2\/posts\/5235\/revisions"}],"predecessor-version":[{"id":5236,"href":"https:\/\/tjerkstra.com\/wordpress\/wp-json\/wp\/v2\/posts\/5235\/revisions\/5236"}],"wp:attachment":[{"href":"https:\/\/tjerkstra.com\/wordpress\/wp-json\/wp\/v2\/media?parent=5235"}],"wp:term":[{"taxonomy":"category","embeddable":true,"href":"https:\/\/tjerkstra.com\/wordpress\/wp-json\/wp\/v2\/categories?post=5235"},{"taxonomy":"post_tag","embeddable":true,"href":"https:\/\/tjerkstra.com\/wordpress\/wp-json\/wp\/v2\/tags?post=5235"}],"curies":[{"name":"wp","href":"https:\/\/api.w.org\/{rel}","templated":true}]}}