{"id":5232,"date":"2016-10-30T18:10:30","date_gmt":"2016-10-30T18:10:30","guid":{"rendered":"http:\/\/www.tjerkstra.com\/wordpress\/?p=5232"},"modified":"2016-10-30T18:10:30","modified_gmt":"2016-10-30T18:10:30","slug":"driuwkreft","status":"publish","type":"post","link":"https:\/\/tjerkstra.com\/wordpress\/lyrysk-deiboek\/driuwkreft\/","title":{"rendered":"Driuwkr\u00eaft"},"content":{"rendered":"<table class=\"contentpaneopen\">\n<tbody>\n<tr>\n<td class=\"contentheading\" width=\"100%\"><\/td>\n<td class=\"buttonheading\" align=\"right\" width=\"100%\"><a title=\"PDF\"> <img decoding=\"async\" src=\"http:\/\/www.tjerkstra.com\/images\/M_images\/pdf_button.png\" alt=\"PDF\" name=\"image\" align=\"middle\" border=\"0\" \/> <\/a><\/td>\n<td class=\"buttonheading\" align=\"right\" width=\"100%\"><a title=\"Print\"> <img decoding=\"async\" src=\"http:\/\/www.tjerkstra.com\/images\/M_images\/printButton.png\" alt=\"Print\" name=\"image\" align=\"middle\" border=\"0\" \/> <\/a><\/td>\n<td class=\"buttonheading\" align=\"right\" width=\"100%\"><a title=\"E-mail\"> <img decoding=\"async\" src=\"http:\/\/www.tjerkstra.com\/images\/M_images\/emailButton.png\" alt=\"E-mail\" name=\"image\" align=\"middle\" border=\"0\" \/> <\/a><\/td>\n<\/tr>\n<\/tbody>\n<\/table>\n<table class=\"contentpaneopen\">\n<tbody>\n<tr>\n<td colspan=\"2\" valign=\"top\">De bou wie hast in ieu al lyn,<br \/>\nfan stielen platen ta in r\u00fbne foarm<br \/>\nom spanten foar in sterk h\u00e2ldf\u00east,<br \/>\nmei &#8217;t seil \u00f4fhinklik fan de wyn,<br \/>\nin koeltsje of in heale stoarm,<br \/>\nde boerepream foer op syn b\u00east.<\/p>\n<p>Doe kaam de tiid fan tsien pk<br \/>\nen lei it stiel dea foar de w\u00e2l,<br \/>\nit gie wer op nij libben ta<br \/>\nmei hout en gl\u00eas, in minskest\u00e2l.<\/p>\n<p><img loading=\"lazy\" decoding=\"async\" title=\"Image\" src=\"http:\/\/www.tjerkstra.com\/images\/stories\/deiboek5\/tn_img_5124.jpg\" alt=\"Image\" width=\"450\" height=\"338\" border=\"0\" hspace=\"6\" \/><\/p>\n<p>Mar op &#8216;e nij lei &#8217;t libben stil,<br \/>\ndochs nostalgy nei &#8217;t \u00e2lde plak<br \/>\njoech oan de pream in eigen wil,<br \/>\nhy dreau en kriich sa syn gerak.<\/p>\n<p>Der wie wol driuw, mar &#8217;t gie net rap,<br \/>\nwant gjin pk of seil joech &#8217;t arkje gong<br \/>\nen rustich stiel hold ek noch tsjin;<br \/>\ntroch eigen wil, it is gjin grap,<br \/>\ndreau &#8217;t nei de helling om wer jong<br \/>\nte wurden, want wa&#8217;t wol dy kin.<\/p>\n<p><img loading=\"lazy\" decoding=\"async\" title=\"Image\" src=\"http:\/\/www.tjerkstra.com\/images\/stories\/deiboek5\/tn_img_5234.jpg\" alt=\"Image\" width=\"450\" height=\"338\" border=\"0\" hspace=\"6\" \/><\/td>\n<\/tr>\n<\/tbody>\n<\/table>\n","protected":false},"excerpt":{"rendered":"<p>De bou wie hast in ieu al lyn, fan stielen platen ta in r\u00fbne foarm om spanten foar in sterk h\u00e2ldf\u00east, mei &#8217;t seil \u00f4fhinklik fan de wyn, in koeltsje of in heale stoarm, de boerepream foer op syn b\u00east. Doe kaam de tiid fan tsien pk en lei it stiel dea foar de w\u00e2l, [&hellip;]<\/p>\n","protected":false},"author":1,"featured_media":0,"comment_status":"closed","ping_status":"closed","sticky":false,"template":"","format":"standard","meta":{"footnotes":""},"categories":[3],"tags":[],"class_list":["post-5232","post","type-post","status-publish","format-standard","hentry","category-lyrysk-deiboek"],"_links":{"self":[{"href":"https:\/\/tjerkstra.com\/wordpress\/wp-json\/wp\/v2\/posts\/5232","targetHints":{"allow":["GET"]}}],"collection":[{"href":"https:\/\/tjerkstra.com\/wordpress\/wp-json\/wp\/v2\/posts"}],"about":[{"href":"https:\/\/tjerkstra.com\/wordpress\/wp-json\/wp\/v2\/types\/post"}],"author":[{"embeddable":true,"href":"https:\/\/tjerkstra.com\/wordpress\/wp-json\/wp\/v2\/users\/1"}],"replies":[{"embeddable":true,"href":"https:\/\/tjerkstra.com\/wordpress\/wp-json\/wp\/v2\/comments?post=5232"}],"version-history":[{"count":1,"href":"https:\/\/tjerkstra.com\/wordpress\/wp-json\/wp\/v2\/posts\/5232\/revisions"}],"predecessor-version":[{"id":5233,"href":"https:\/\/tjerkstra.com\/wordpress\/wp-json\/wp\/v2\/posts\/5232\/revisions\/5233"}],"wp:attachment":[{"href":"https:\/\/tjerkstra.com\/wordpress\/wp-json\/wp\/v2\/media?parent=5232"}],"wp:term":[{"taxonomy":"category","embeddable":true,"href":"https:\/\/tjerkstra.com\/wordpress\/wp-json\/wp\/v2\/categories?post=5232"},{"taxonomy":"post_tag","embeddable":true,"href":"https:\/\/tjerkstra.com\/wordpress\/wp-json\/wp\/v2\/tags?post=5232"}],"curies":[{"name":"wp","href":"https:\/\/api.w.org\/{rel}","templated":true}]}}