{"id":521,"date":"2016-09-23T19:46:56","date_gmt":"2016-09-23T19:46:56","guid":{"rendered":"http:\/\/www.tjerkstra.com\/wordpress\/?p=521"},"modified":"2016-09-23T19:46:56","modified_gmt":"2016-09-23T19:46:56","slug":"bolle-dream","status":"publish","type":"post","link":"https:\/\/tjerkstra.com\/wordpress\/lyrysk-deiboek\/bolle-dream\/","title":{"rendered":"Bolle dream"},"content":{"rendered":"<table class=\"contentpaneopen\">\n<tbody>\n<tr>\n<td class=\"contentheading\" width=\"100%\"><\/td>\n<td class=\"buttonheading\" align=\"right\" width=\"100%\"><a title=\"PDF\"> <img decoding=\"async\" src=\"http:\/\/www.tjerkstra.com\/images\/M_images\/pdf_button.png\" alt=\"PDF\" name=\"image\" align=\"middle\" border=\"0\" \/> <\/a><\/td>\n<td class=\"buttonheading\" align=\"right\" width=\"100%\"><a title=\"Print\"> <img decoding=\"async\" src=\"http:\/\/www.tjerkstra.com\/images\/M_images\/printButton.png\" alt=\"Print\" name=\"image\" align=\"middle\" border=\"0\" \/> <\/a><\/td>\n<td class=\"buttonheading\" align=\"right\" width=\"100%\"><a title=\"E-mail\"> <img decoding=\"async\" src=\"http:\/\/www.tjerkstra.com\/images\/M_images\/emailButton.png\" alt=\"E-mail\" name=\"image\" align=\"middle\" border=\"0\" \/> <\/a><\/td>\n<\/tr>\n<\/tbody>\n<\/table>\n<table class=\"contentpaneopen\">\n<tbody>\n<tr>\n<td colspan=\"2\" valign=\"top\">Ut it sk\u00fbtsje-argyf 1968<\/p>\n<p>Terherne, wol de Snitser mar,<br \/>\ndus foar de Panne eigen wetter<br \/>\ndat wynstil kleefde as wie &#8217;t tar<br \/>\nhoe&#8217;t Jan* ek suchte: &#8221;t Wie my better<br \/>\ndat weagen batsten tsjin de pier<br \/>\nen troch de waring hinne spielden,<br \/>\ndan w\u00fbnen wy, &#8217;t is stjerrend wier<br \/>\ndat ik it bloed f\u00fbl br\u00fbzjen fielde.&#8217;<\/p>\n<p><img loading=\"lazy\" decoding=\"async\" title=\"Image\" src=\"http:\/\/www.tjerkstra.com\/images\/stories\/deiboek3\/tn_img026.jpg\" alt=\"Image\" width=\"446\" height=\"450\" border=\"0\" hspace=\"6\" \/><\/p>\n<p>D\u00ear soe it dan, it seil as sek,<br \/>\nde hannen moasten earst noch l\u00fbke<br \/>\nen skroeiden op it gleone dek,<br \/>\nde br\u00e2nlucht wie yn Snits te r\u00fbken;<br \/>\nde gjalp lykwols kaam troch wat oars,<br \/>\nde fokkeloete wie fergetten,<br \/>\nde Panne s\u00fbnder lange noas<br \/>\nsoe nea in eareplak besette.<\/p>\n<p><img loading=\"lazy\" decoding=\"async\" title=\"Image\" src=\"http:\/\/www.tjerkstra.com\/images\/stories\/deiboek3\/tn_img027.jpg\" alt=\"Image\" width=\"443\" height=\"450\" border=\"0\" hspace=\"6\" \/><\/p>\n<p>It startskot joech gjin suchtsje wyn<br \/>\nyn &#8217;t sekseil mei de wetterpoarte,<br \/>\nsels mei de brochte loete yn<br \/>\nde fok bleau &#8217;t snuven as in koarte;<br \/>\nhoewol&#8217;t de Panne l\u00easte waard,<br \/>\nloek Jan mei nocht it durksl\u00fbk iepen:<br \/>\n&#8216;It leit wol yn myn skippersaard<br \/>\nom mei in bolle dream te sliepen.&#8217;<\/p>\n<p><img loading=\"lazy\" decoding=\"async\" title=\"Image\" src=\"http:\/\/www.tjerkstra.com\/images\/stories\/deiboek3\/tn_img028.jpg\" alt=\"Image\" width=\"450\" height=\"448\" border=\"0\" hspace=\"6\" \/><\/p>\n<p>* Jan van Akker<\/td>\n<\/tr>\n<\/tbody>\n<\/table>\n","protected":false},"excerpt":{"rendered":"<p>Ut it sk\u00fbtsje-argyf 1968 Terherne, wol de Snitser mar, dus foar de Panne eigen wetter dat wynstil kleefde as wie &#8217;t tar hoe&#8217;t Jan* ek suchte: &#8221;t Wie my better dat weagen batsten tsjin de pier en troch de waring hinne spielden, dan w\u00fbnen wy, &#8217;t is stjerrend wier dat ik it bloed f\u00fbl br\u00fbzjen [&hellip;]<\/p>\n","protected":false},"author":1,"featured_media":0,"comment_status":"closed","ping_status":"closed","sticky":false,"template":"","format":"standard","meta":{"footnotes":""},"categories":[3],"tags":[],"class_list":["post-521","post","type-post","status-publish","format-standard","hentry","category-lyrysk-deiboek"],"_links":{"self":[{"href":"https:\/\/tjerkstra.com\/wordpress\/wp-json\/wp\/v2\/posts\/521","targetHints":{"allow":["GET"]}}],"collection":[{"href":"https:\/\/tjerkstra.com\/wordpress\/wp-json\/wp\/v2\/posts"}],"about":[{"href":"https:\/\/tjerkstra.com\/wordpress\/wp-json\/wp\/v2\/types\/post"}],"author":[{"embeddable":true,"href":"https:\/\/tjerkstra.com\/wordpress\/wp-json\/wp\/v2\/users\/1"}],"replies":[{"embeddable":true,"href":"https:\/\/tjerkstra.com\/wordpress\/wp-json\/wp\/v2\/comments?post=521"}],"version-history":[{"count":1,"href":"https:\/\/tjerkstra.com\/wordpress\/wp-json\/wp\/v2\/posts\/521\/revisions"}],"predecessor-version":[{"id":522,"href":"https:\/\/tjerkstra.com\/wordpress\/wp-json\/wp\/v2\/posts\/521\/revisions\/522"}],"wp:attachment":[{"href":"https:\/\/tjerkstra.com\/wordpress\/wp-json\/wp\/v2\/media?parent=521"}],"wp:term":[{"taxonomy":"category","embeddable":true,"href":"https:\/\/tjerkstra.com\/wordpress\/wp-json\/wp\/v2\/categories?post=521"},{"taxonomy":"post_tag","embeddable":true,"href":"https:\/\/tjerkstra.com\/wordpress\/wp-json\/wp\/v2\/tags?post=521"}],"curies":[{"name":"wp","href":"https:\/\/api.w.org\/{rel}","templated":true}]}}