{"id":5159,"date":"2016-10-30T17:34:00","date_gmt":"2016-10-30T17:34:00","guid":{"rendered":"http:\/\/www.tjerkstra.com\/wordpress\/?p=5159"},"modified":"2016-10-30T17:34:00","modified_gmt":"2016-10-30T17:34:00","slug":"kreft-kontra-macht","status":"publish","type":"post","link":"https:\/\/tjerkstra.com\/wordpress\/lyrysk-deiboek\/kreft-kontra-macht\/","title":{"rendered":"Kr\u00eaft kontra macht"},"content":{"rendered":"<table class=\"contentpaneopen\">\n<tbody>\n<tr>\n<td class=\"contentheading\" width=\"100%\"><\/td>\n<td class=\"buttonheading\" align=\"right\" width=\"100%\"><a title=\"PDF\"> <img decoding=\"async\" src=\"http:\/\/www.tjerkstra.com\/images\/M_images\/pdf_button.png\" alt=\"PDF\" name=\"image\" align=\"middle\" border=\"0\" \/> <\/a><\/td>\n<td class=\"buttonheading\" align=\"right\" width=\"100%\"><a title=\"Print\"> <img decoding=\"async\" src=\"http:\/\/www.tjerkstra.com\/images\/M_images\/printButton.png\" alt=\"Print\" name=\"image\" align=\"middle\" border=\"0\" \/> <\/a><\/td>\n<td class=\"buttonheading\" align=\"right\" width=\"100%\"><a title=\"E-mail\"> <img decoding=\"async\" src=\"http:\/\/www.tjerkstra.com\/images\/M_images\/emailButton.png\" alt=\"E-mail\" name=\"image\" align=\"middle\" border=\"0\" \/> <\/a><\/td>\n<\/tr>\n<\/tbody>\n<\/table>\n<table class=\"contentpaneopen\">\n<tbody>\n<tr>\n<td colspan=\"2\" valign=\"top\"><img loading=\"lazy\" decoding=\"async\" title=\"Image\" src=\"http:\/\/www.tjerkstra.com\/images\/stories\/deiboek5\/tn_img_4503.jpg\" alt=\"Image\" width=\"450\" height=\"338\" border=\"0\" hspace=\"6\" \/><\/p>\n<p>De poaten hat er yn de gr\u00fbn,<br \/>\nde klauwen fier foar\u00fat,<br \/>\nde kop hast yn de wolken,<br \/>\noan gjin oare libbens b\u00fbn,<br \/>\nstiet f\u00east as einbesl\u00fat:<br \/>\nde macht oer alle folken.<\/p>\n<p>Sa hat de skiednis syn symboal:<br \/>\ndiktatorskip as boal.<\/p>\n<p>Hy hat in lytser plakje f\u00fbn,<br \/>\nbeskieden boppe &#8217;t hout<br \/>\nmei \u00fatsicht oer it wetter,<br \/>\n&#8217;t kroangiel as de sinne r\u00fbn,<br \/>\nmei &#8217;t wif bestean fertroud,<br \/>\ngjin noed oer wat komt letter.<\/p>\n<p>In suver teken fan it hjoed:<br \/>\nyn bloei foar &#8217;t riist de floed.<\/p>\n<p><img loading=\"lazy\" decoding=\"async\" title=\"Image\" src=\"http:\/\/www.tjerkstra.com\/images\/stories\/deiboek5\/tn_img_4337.jpg\" alt=\"Image\" width=\"450\" height=\"338\" border=\"0\" hspace=\"6\" \/><\/td>\n<\/tr>\n<\/tbody>\n<\/table>\n","protected":false},"excerpt":{"rendered":"<p>De poaten hat er yn de gr\u00fbn, de klauwen fier foar\u00fat, de kop hast yn de wolken, oan gjin oare libbens b\u00fbn, stiet f\u00east as einbesl\u00fat: de macht oer alle folken. Sa hat de skiednis syn symboal: diktatorskip as boal. Hy hat in lytser plakje f\u00fbn, beskieden boppe &#8217;t hout mei \u00fatsicht oer it wetter, [&hellip;]<\/p>\n","protected":false},"author":1,"featured_media":0,"comment_status":"closed","ping_status":"closed","sticky":false,"template":"","format":"standard","meta":{"footnotes":""},"categories":[3],"tags":[],"class_list":["post-5159","post","type-post","status-publish","format-standard","hentry","category-lyrysk-deiboek"],"_links":{"self":[{"href":"https:\/\/tjerkstra.com\/wordpress\/wp-json\/wp\/v2\/posts\/5159","targetHints":{"allow":["GET"]}}],"collection":[{"href":"https:\/\/tjerkstra.com\/wordpress\/wp-json\/wp\/v2\/posts"}],"about":[{"href":"https:\/\/tjerkstra.com\/wordpress\/wp-json\/wp\/v2\/types\/post"}],"author":[{"embeddable":true,"href":"https:\/\/tjerkstra.com\/wordpress\/wp-json\/wp\/v2\/users\/1"}],"replies":[{"embeddable":true,"href":"https:\/\/tjerkstra.com\/wordpress\/wp-json\/wp\/v2\/comments?post=5159"}],"version-history":[{"count":1,"href":"https:\/\/tjerkstra.com\/wordpress\/wp-json\/wp\/v2\/posts\/5159\/revisions"}],"predecessor-version":[{"id":5160,"href":"https:\/\/tjerkstra.com\/wordpress\/wp-json\/wp\/v2\/posts\/5159\/revisions\/5160"}],"wp:attachment":[{"href":"https:\/\/tjerkstra.com\/wordpress\/wp-json\/wp\/v2\/media?parent=5159"}],"wp:term":[{"taxonomy":"category","embeddable":true,"href":"https:\/\/tjerkstra.com\/wordpress\/wp-json\/wp\/v2\/categories?post=5159"},{"taxonomy":"post_tag","embeddable":true,"href":"https:\/\/tjerkstra.com\/wordpress\/wp-json\/wp\/v2\/tags?post=5159"}],"curies":[{"name":"wp","href":"https:\/\/api.w.org\/{rel}","templated":true}]}}