{"id":5151,"date":"2016-10-30T17:29:45","date_gmt":"2016-10-30T17:29:45","guid":{"rendered":"http:\/\/www.tjerkstra.com\/wordpress\/?p=5151"},"modified":"2016-10-30T17:29:45","modified_gmt":"2016-10-30T17:29:45","slug":"oranje-sein","status":"publish","type":"post","link":"https:\/\/tjerkstra.com\/wordpress\/lyrysk-deiboek\/oranje-sein\/","title":{"rendered":"Oranje sein"},"content":{"rendered":"<table class=\"contentpaneopen\">\n<tbody>\n<tr>\n<td class=\"contentheading\" width=\"100%\"><\/td>\n<td class=\"buttonheading\" align=\"right\" width=\"100%\"><a title=\"PDF\"> <img decoding=\"async\" src=\"http:\/\/www.tjerkstra.com\/images\/M_images\/pdf_button.png\" alt=\"PDF\" name=\"image\" align=\"middle\" border=\"0\" \/> <\/a><\/td>\n<td class=\"buttonheading\" align=\"right\" width=\"100%\"><a title=\"Print\"> <img decoding=\"async\" src=\"http:\/\/www.tjerkstra.com\/images\/M_images\/printButton.png\" alt=\"Print\" name=\"image\" align=\"middle\" border=\"0\" \/> <\/a><\/td>\n<td class=\"buttonheading\" align=\"right\" width=\"100%\"><a title=\"E-mail\"> <img decoding=\"async\" src=\"http:\/\/www.tjerkstra.com\/images\/M_images\/emailButton.png\" alt=\"E-mail\" name=\"image\" align=\"middle\" border=\"0\" \/> <\/a><\/td>\n<\/tr>\n<\/tbody>\n<\/table>\n<table class=\"contentpaneopen\">\n<tbody>\n<tr>\n<td colspan=\"2\" valign=\"top\">\nIk moast nei Earnew\u00e2ld foar dat ferhaal<br \/>\nfan trettjint\u00fbzen jier ferlyn<br \/>\noer f\u00fble rein en hurde wyn<br \/>\nop hiel de ierde yn de Fryske taal.<\/p>\n<p>Gjin ynspiraasje noch fan &#8217;t Fryske gea<br \/>\nr\u00fbnom de br\u00eage oer &#8217;t kanaal<br \/>\ndat stillei op te lytse skaal,<br \/>\ngjin weach joech op dy sneintemoarn al skea.<\/p>\n<p><img loading=\"lazy\" decoding=\"async\" title=\"Image\" src=\"http:\/\/www.tjerkstra.com\/images\/stories\/deiboek5\/tn_img_4267.jpg\" alt=\"Image\" width=\"450\" height=\"338\" border=\"0\" hspace=\"6\" \/><\/p>\n<p>Doe loek it gea my yn it paradys<br \/>\nfan Earnew\u00e2ld, de wr\u00e2ld dy&#8217;t stiet<br \/>\nfoar fariaasje, \u00fbnder wiet<br \/>\nen boppe &#8217;t swurk mei wolken yn de hys.<\/p>\n<p>Mar &#8217;t paradys wie net it krekte plak<br \/>\nom stoarmjend ynspiraasje op te dwaan,<br \/>\nit driuwend swurk koe dy net jaan,<br \/>\nmar f\u00fble twirren sparren nok noch dak.<\/p>\n<p>Ynienen seach ik Noach op &#8216;e stoel<br \/>\nmei syn oranje mantel as it sein<br \/>\ndat daliks kaam de stoarm mei rein&#8230;<br \/>\n&#8217;t wie klear, ik ried mei h\u00fbndert nei myn doel.<\/p>\n<p><img loading=\"lazy\" decoding=\"async\" title=\"Image\" src=\"http:\/\/www.tjerkstra.com\/images\/stories\/deiboek5\/tn_img_4268.jpg\" alt=\"Image\" width=\"450\" height=\"338\" border=\"0\" hspace=\"6\" \/><\/td>\n<\/tr>\n<\/tbody>\n<\/table>\n","protected":false},"excerpt":{"rendered":"<p>Ik moast nei Earnew\u00e2ld foar dat ferhaal fan trettjint\u00fbzen jier ferlyn oer f\u00fble rein en hurde wyn op hiel de ierde yn de Fryske taal. Gjin ynspiraasje noch fan &#8217;t Fryske gea r\u00fbnom de br\u00eage oer &#8217;t kanaal dat stillei op te lytse skaal, gjin weach joech op dy sneintemoarn al skea. Doe loek it [&hellip;]<\/p>\n","protected":false},"author":1,"featured_media":0,"comment_status":"closed","ping_status":"closed","sticky":false,"template":"","format":"standard","meta":{"footnotes":""},"categories":[3],"tags":[],"class_list":["post-5151","post","type-post","status-publish","format-standard","hentry","category-lyrysk-deiboek"],"_links":{"self":[{"href":"https:\/\/tjerkstra.com\/wordpress\/wp-json\/wp\/v2\/posts\/5151","targetHints":{"allow":["GET"]}}],"collection":[{"href":"https:\/\/tjerkstra.com\/wordpress\/wp-json\/wp\/v2\/posts"}],"about":[{"href":"https:\/\/tjerkstra.com\/wordpress\/wp-json\/wp\/v2\/types\/post"}],"author":[{"embeddable":true,"href":"https:\/\/tjerkstra.com\/wordpress\/wp-json\/wp\/v2\/users\/1"}],"replies":[{"embeddable":true,"href":"https:\/\/tjerkstra.com\/wordpress\/wp-json\/wp\/v2\/comments?post=5151"}],"version-history":[{"count":1,"href":"https:\/\/tjerkstra.com\/wordpress\/wp-json\/wp\/v2\/posts\/5151\/revisions"}],"predecessor-version":[{"id":5152,"href":"https:\/\/tjerkstra.com\/wordpress\/wp-json\/wp\/v2\/posts\/5151\/revisions\/5152"}],"wp:attachment":[{"href":"https:\/\/tjerkstra.com\/wordpress\/wp-json\/wp\/v2\/media?parent=5151"}],"wp:term":[{"taxonomy":"category","embeddable":true,"href":"https:\/\/tjerkstra.com\/wordpress\/wp-json\/wp\/v2\/categories?post=5151"},{"taxonomy":"post_tag","embeddable":true,"href":"https:\/\/tjerkstra.com\/wordpress\/wp-json\/wp\/v2\/tags?post=5151"}],"curies":[{"name":"wp","href":"https:\/\/api.w.org\/{rel}","templated":true}]}}