{"id":5143,"date":"2016-10-30T17:25:00","date_gmt":"2016-10-30T17:25:00","guid":{"rendered":"http:\/\/www.tjerkstra.com\/wordpress\/?p=5143"},"modified":"2016-10-30T17:25:00","modified_gmt":"2016-10-30T17:25:00","slug":"swevend-nijs","status":"publish","type":"post","link":"https:\/\/tjerkstra.com\/wordpress\/lyrysk-deiboek\/swevend-nijs\/","title":{"rendered":"Swevend nijs"},"content":{"rendered":"<table class=\"contentpaneopen\">\n<tbody>\n<tr>\n<td class=\"contentheading\" width=\"100%\"><\/td>\n<td class=\"buttonheading\" align=\"right\" width=\"100%\"><a title=\"PDF\"> <img decoding=\"async\" src=\"http:\/\/www.tjerkstra.com\/images\/M_images\/pdf_button.png\" alt=\"PDF\" name=\"image\" align=\"middle\" border=\"0\" \/> <\/a><\/td>\n<td class=\"buttonheading\" align=\"right\" width=\"100%\"><a title=\"Print\"> <img decoding=\"async\" src=\"http:\/\/www.tjerkstra.com\/images\/M_images\/printButton.png\" alt=\"Print\" name=\"image\" align=\"middle\" border=\"0\" \/> <\/a><\/td>\n<td class=\"buttonheading\" align=\"right\" width=\"100%\"><a title=\"E-mail\"> <img decoding=\"async\" src=\"http:\/\/www.tjerkstra.com\/images\/M_images\/emailButton.png\" alt=\"E-mail\" name=\"image\" align=\"middle\" border=\"0\" \/> <\/a><\/td>\n<\/tr>\n<\/tbody>\n<\/table>\n<table class=\"contentpaneopen\">\n<tbody>\n<tr>\n<td colspan=\"2\" valign=\"top\">Berjochten fleane oer de wr\u00e2ld,<br \/>\nberikke ek de fierste hoeken<br \/>\nmei de digitale taal;<br \/>\nwa&#8217;t dy net folgje kin, is \u00e2ld<br \/>\nen yn &#8217;t moderne libben st\u00fbke.<\/p>\n<p><img loading=\"lazy\" decoding=\"async\" title=\"Image\" src=\"http:\/\/www.tjerkstra.com\/images\/stories\/deiboek5\/tn_img_4299.jpg\" alt=\"Image\" width=\"450\" height=\"338\" border=\"0\" hspace=\"6\" \/><\/p>\n<p>Mar rinne \u00e2lde paden dea,<br \/>\ndan riist it nijs wol nei de wolken,<br \/>\nsweeft op fjoer en gas bretaal<br \/>\ntroch digitale taal, ta skea<br \/>\nfan alle mailferslave folken.<\/p>\n<p>Sjed\u00ear de Ljouwerter, hoe&#8217;t dy<br \/>\nberikt yn Frysl\u00e2n alle hoeken<br \/>\nmei in \u00e2ld, ek nij ferhaal;<br \/>\nit br\u00e2nt deryn, foar digi-dy<br \/>\nis sa&#8217;n ballon mar min te br\u00fbken.<\/p>\n<p><img loading=\"lazy\" decoding=\"async\" title=\"Image\" src=\"http:\/\/www.tjerkstra.com\/images\/stories\/deiboek5\/tn_img_4308.jpg\" alt=\"Image\" width=\"450\" height=\"338\" border=\"0\" hspace=\"6\" \/><\/td>\n<\/tr>\n<\/tbody>\n<\/table>\n","protected":false},"excerpt":{"rendered":"<p>Berjochten fleane oer de wr\u00e2ld, berikke ek de fierste hoeken mei de digitale taal; wa&#8217;t dy net folgje kin, is \u00e2ld en yn &#8217;t moderne libben st\u00fbke. Mar rinne \u00e2lde paden dea, dan riist it nijs wol nei de wolken, sweeft op fjoer en gas bretaal troch digitale taal, ta skea fan alle mailferslave folken. [&hellip;]<\/p>\n","protected":false},"author":1,"featured_media":0,"comment_status":"closed","ping_status":"closed","sticky":false,"template":"","format":"standard","meta":{"footnotes":""},"categories":[3],"tags":[],"class_list":["post-5143","post","type-post","status-publish","format-standard","hentry","category-lyrysk-deiboek"],"_links":{"self":[{"href":"https:\/\/tjerkstra.com\/wordpress\/wp-json\/wp\/v2\/posts\/5143","targetHints":{"allow":["GET"]}}],"collection":[{"href":"https:\/\/tjerkstra.com\/wordpress\/wp-json\/wp\/v2\/posts"}],"about":[{"href":"https:\/\/tjerkstra.com\/wordpress\/wp-json\/wp\/v2\/types\/post"}],"author":[{"embeddable":true,"href":"https:\/\/tjerkstra.com\/wordpress\/wp-json\/wp\/v2\/users\/1"}],"replies":[{"embeddable":true,"href":"https:\/\/tjerkstra.com\/wordpress\/wp-json\/wp\/v2\/comments?post=5143"}],"version-history":[{"count":1,"href":"https:\/\/tjerkstra.com\/wordpress\/wp-json\/wp\/v2\/posts\/5143\/revisions"}],"predecessor-version":[{"id":5144,"href":"https:\/\/tjerkstra.com\/wordpress\/wp-json\/wp\/v2\/posts\/5143\/revisions\/5144"}],"wp:attachment":[{"href":"https:\/\/tjerkstra.com\/wordpress\/wp-json\/wp\/v2\/media?parent=5143"}],"wp:term":[{"taxonomy":"category","embeddable":true,"href":"https:\/\/tjerkstra.com\/wordpress\/wp-json\/wp\/v2\/categories?post=5143"},{"taxonomy":"post_tag","embeddable":true,"href":"https:\/\/tjerkstra.com\/wordpress\/wp-json\/wp\/v2\/tags?post=5143"}],"curies":[{"name":"wp","href":"https:\/\/api.w.org\/{rel}","templated":true}]}}