{"id":4993,"date":"2016-10-26T19:32:42","date_gmt":"2016-10-26T19:32:42","guid":{"rendered":"http:\/\/www.tjerkstra.com\/wordpress\/?p=4993"},"modified":"2016-10-26T19:32:42","modified_gmt":"2016-10-26T19:32:42","slug":"de-bedrige-swan","status":"publish","type":"post","link":"https:\/\/tjerkstra.com\/wordpress\/keunst\/de-bedrige-swan\/","title":{"rendered":"De bedrige swan"},"content":{"rendered":"<table class=\"contentpaneopen\">\n<tbody>\n<tr>\n<td class=\"contentheading\" width=\"100%\"><\/td>\n<td class=\"buttonheading\" align=\"right\" width=\"100%\"><a title=\"PDF\"> <img decoding=\"async\" src=\"http:\/\/www.tjerkstra.com\/images\/M_images\/pdf_button.png\" alt=\"PDF\" name=\"image\" align=\"middle\" border=\"0\" \/> <\/a><\/td>\n<td class=\"buttonheading\" align=\"right\" width=\"100%\"><a title=\"Print\"> <img decoding=\"async\" src=\"http:\/\/www.tjerkstra.com\/images\/M_images\/printButton.png\" alt=\"Print\" name=\"image\" align=\"middle\" border=\"0\" \/> <\/a><\/td>\n<td class=\"buttonheading\" align=\"right\" width=\"100%\"><a title=\"E-mail\"> <img decoding=\"async\" src=\"http:\/\/www.tjerkstra.com\/images\/M_images\/emailButton.png\" alt=\"E-mail\" name=\"image\" align=\"middle\" border=\"0\" \/> <\/a><\/td>\n<\/tr>\n<\/tbody>\n<\/table>\n<table class=\"contentpaneopen\">\n<tbody>\n<tr>\n<td colspan=\"2\" valign=\"top\"><em>fan Jan Asselijn*<\/p>\n<p><img loading=\"lazy\" decoding=\"async\" title=\"Image\" src=\"http:\/\/www.tjerkstra.com\/images\/stories\/deiboek4\/tn_img121.jpg\" alt=\"Image\" width=\"450\" height=\"399\" border=\"0\" hspace=\"6\" \/><\/em><\/p>\n<p>Lit it wite suver blinke,<br \/>\nwjukken g\u00fbnzje tsjin it blau,<br \/>\nde kop de hals sa rjochtsje<br \/>\ndat de flecht bringt him al gau<br \/>\nby &#8217;t n\u00east om f\u00fbl te fjochtsjen.<\/p>\n<p>&#8217;t Driigjen komt fan alle kanten,<br \/>\nachter him de tongerwolk<br \/>\ndy&#8217;t rapper op komt setten<br \/>\nas de flecht fan eigen folk<br \/>\noer &#8217;t gea mei f\u00easte swetten.<\/p>\n<p>Oer dy grins komt rjocht fan foaren<br \/>\n&#8217;t driigjen fan de swarte h\u00fbn,<br \/>\nit kwea fan doel te biten,<br \/>\noan gjin swanneswetten b\u00fbn,<br \/>\nyn &#8217;t wjukjen fan it wite.<\/p>\n<p>Mar wat suver is, sil stride<br \/>\nfoar it libben fan syn skaai<br \/>\nmei wjukken dy&#8217;t l\u00fbd klappe,<br \/>\nkop en hals yn dryste draai<br \/>\nom nei it kwea te happen.<\/p>\n<p><em>* Jan Asselijn (1610-1652) stribbe dernei<br \/>\nde werklikheid sa natuerlik mooglik<br \/>\nwer te jaan. D\u00earom skildere er de swan<br \/>\nsa grut as er yn it echt wie.<br \/>\n<\/em><\/td>\n<\/tr>\n<\/tbody>\n<\/table>\n","protected":false},"excerpt":{"rendered":"<p>fan Jan Asselijn* Lit it wite suver blinke, wjukken g\u00fbnzje tsjin it blau, de kop de hals sa rjochtsje dat de flecht bringt him al gau by &#8217;t n\u00east om f\u00fbl te fjochtsjen. &#8217;t Driigjen komt fan alle kanten, achter him de tongerwolk dy&#8217;t rapper op komt setten as de flecht fan eigen folk oer [&hellip;]<\/p>\n","protected":false},"author":1,"featured_media":0,"comment_status":"closed","ping_status":"closed","sticky":false,"template":"","format":"standard","meta":{"footnotes":""},"categories":[6],"tags":[],"class_list":["post-4993","post","type-post","status-publish","format-standard","hentry","category-keunst"],"_links":{"self":[{"href":"https:\/\/tjerkstra.com\/wordpress\/wp-json\/wp\/v2\/posts\/4993","targetHints":{"allow":["GET"]}}],"collection":[{"href":"https:\/\/tjerkstra.com\/wordpress\/wp-json\/wp\/v2\/posts"}],"about":[{"href":"https:\/\/tjerkstra.com\/wordpress\/wp-json\/wp\/v2\/types\/post"}],"author":[{"embeddable":true,"href":"https:\/\/tjerkstra.com\/wordpress\/wp-json\/wp\/v2\/users\/1"}],"replies":[{"embeddable":true,"href":"https:\/\/tjerkstra.com\/wordpress\/wp-json\/wp\/v2\/comments?post=4993"}],"version-history":[{"count":1,"href":"https:\/\/tjerkstra.com\/wordpress\/wp-json\/wp\/v2\/posts\/4993\/revisions"}],"predecessor-version":[{"id":4994,"href":"https:\/\/tjerkstra.com\/wordpress\/wp-json\/wp\/v2\/posts\/4993\/revisions\/4994"}],"wp:attachment":[{"href":"https:\/\/tjerkstra.com\/wordpress\/wp-json\/wp\/v2\/media?parent=4993"}],"wp:term":[{"taxonomy":"category","embeddable":true,"href":"https:\/\/tjerkstra.com\/wordpress\/wp-json\/wp\/v2\/categories?post=4993"},{"taxonomy":"post_tag","embeddable":true,"href":"https:\/\/tjerkstra.com\/wordpress\/wp-json\/wp\/v2\/tags?post=4993"}],"curies":[{"name":"wp","href":"https:\/\/api.w.org\/{rel}","templated":true}]}}