{"id":4974,"date":"2016-10-26T19:22:59","date_gmt":"2016-10-26T19:22:59","guid":{"rendered":"http:\/\/www.tjerkstra.com\/wordpress\/?p=4974"},"modified":"2016-10-26T19:22:59","modified_gmt":"2016-10-26T19:22:59","slug":"wetterleeljes","status":"publish","type":"post","link":"https:\/\/tjerkstra.com\/wordpress\/keunst\/wetterleeljes\/","title":{"rendered":"Wetterleeljes"},"content":{"rendered":"<table class=\"contentpaneopen\">\n<tbody>\n<tr>\n<td class=\"contentheading\" width=\"100%\"><\/td>\n<td class=\"buttonheading\" align=\"right\" width=\"100%\"><a title=\"PDF\"> <img decoding=\"async\" src=\"http:\/\/www.tjerkstra.com\/images\/M_images\/pdf_button.png\" alt=\"PDF\" name=\"image\" align=\"middle\" border=\"0\" \/> <\/a><\/td>\n<td class=\"buttonheading\" align=\"right\" width=\"100%\"><a title=\"Print\"> <img decoding=\"async\" src=\"http:\/\/www.tjerkstra.com\/images\/M_images\/printButton.png\" alt=\"Print\" name=\"image\" align=\"middle\" border=\"0\" \/> <\/a><\/td>\n<td class=\"buttonheading\" align=\"right\" width=\"100%\"><a title=\"E-mail\"> <img decoding=\"async\" src=\"http:\/\/www.tjerkstra.com\/images\/M_images\/emailButton.png\" alt=\"E-mail\" name=\"image\" align=\"middle\" border=\"0\" \/> <\/a><\/td>\n<\/tr>\n<\/tbody>\n<\/table>\n<table class=\"contentpaneopen\">\n<tbody>\n<tr>\n<td colspan=\"2\" valign=\"top\"><em>fan Claude Monet*<\/p>\n<p><img loading=\"lazy\" decoding=\"async\" title=\"Image\" src=\"http:\/\/www.tjerkstra.com\/images\/stories\/deiboek4\/tn_img096.jpg\" alt=\"Image\" width=\"427\" height=\"450\" border=\"0\" hspace=\"6\" \/><br \/>\n<\/em><br \/>\nLit de leeljes it ferhaal fertelle<br \/>\nfan de Fr\u00e2nske naasje,<br \/>\nde wetterleeljes mei har graasje<br \/>\nhat Monet yn &#8217;t kleurljocht helle:<\/p>\n<p>&#8216;Yn myn sompich l\u00e2n groef ik in fiver,<br \/>\nbrocht dy oan it bloeien<br \/>\nom yn it skilderjen te groeien,<br \/>\nmannichf\u00e2ldige troch iver.<\/p>\n<p>Yn de rin fan produktive jierren<br \/>\nmakke ik de doeken,<br \/>\nas fiver firtueel te br\u00fbken,<br \/>\nfoar de naasje iepenbierre.&#8217;<\/p>\n<p>Lit no it pompebl\u00ead fertelle<br \/>\nhoe&#8217;t de Fryske flagge tiert<br \/>\nen sa de fearten siert:<br \/>\nnatuer as ynspiraasjewelle.<\/p>\n<p><img loading=\"lazy\" decoding=\"async\" title=\"Image\" src=\"http:\/\/www.tjerkstra.com\/images\/stories\/deiboek4\/tn_100_5136.jpg\" alt=\"Image\" width=\"450\" height=\"338\" border=\"0\" hspace=\"6\" \/><\/p>\n<p><em>* Claude Monet (1840-1926)<br \/>\nwie ien fan de belangrykste<br \/>\nympressionistyske skilders<br \/>\nfan Frankryk.<br \/>\nHy lei by syn h\u00fbs yn Giverny<br \/>\nin fiver oan mei wetterleeljes,<br \/>\ndy&#8217;t er tsien jier achterinoar<br \/>\nop grutte doeken skildere hat.<br \/>\nIt plan om fan dy skilderijen<br \/>\nin grut panorama te meitsjen<br \/>\nis in jier nei syn dea yn de<br \/>\nOrangerie realisearre.<\/p>\n<p><\/em><em><\/p>\n<p><\/em><\/td>\n<\/tr>\n<\/tbody>\n<\/table>\n","protected":false},"excerpt":{"rendered":"<p>fan Claude Monet* Lit de leeljes it ferhaal fertelle fan de Fr\u00e2nske naasje, de wetterleeljes mei har graasje hat Monet yn &#8217;t kleurljocht helle: &#8216;Yn myn sompich l\u00e2n groef ik in fiver, brocht dy oan it bloeien om yn it skilderjen te groeien, mannichf\u00e2ldige troch iver. Yn de rin fan produktive jierren makke ik de [&hellip;]<\/p>\n","protected":false},"author":1,"featured_media":0,"comment_status":"closed","ping_status":"closed","sticky":false,"template":"","format":"standard","meta":{"footnotes":""},"categories":[6],"tags":[],"class_list":["post-4974","post","type-post","status-publish","format-standard","hentry","category-keunst"],"_links":{"self":[{"href":"https:\/\/tjerkstra.com\/wordpress\/wp-json\/wp\/v2\/posts\/4974","targetHints":{"allow":["GET"]}}],"collection":[{"href":"https:\/\/tjerkstra.com\/wordpress\/wp-json\/wp\/v2\/posts"}],"about":[{"href":"https:\/\/tjerkstra.com\/wordpress\/wp-json\/wp\/v2\/types\/post"}],"author":[{"embeddable":true,"href":"https:\/\/tjerkstra.com\/wordpress\/wp-json\/wp\/v2\/users\/1"}],"replies":[{"embeddable":true,"href":"https:\/\/tjerkstra.com\/wordpress\/wp-json\/wp\/v2\/comments?post=4974"}],"version-history":[{"count":1,"href":"https:\/\/tjerkstra.com\/wordpress\/wp-json\/wp\/v2\/posts\/4974\/revisions"}],"predecessor-version":[{"id":4975,"href":"https:\/\/tjerkstra.com\/wordpress\/wp-json\/wp\/v2\/posts\/4974\/revisions\/4975"}],"wp:attachment":[{"href":"https:\/\/tjerkstra.com\/wordpress\/wp-json\/wp\/v2\/media?parent=4974"}],"wp:term":[{"taxonomy":"category","embeddable":true,"href":"https:\/\/tjerkstra.com\/wordpress\/wp-json\/wp\/v2\/categories?post=4974"},{"taxonomy":"post_tag","embeddable":true,"href":"https:\/\/tjerkstra.com\/wordpress\/wp-json\/wp\/v2\/tags?post=4974"}],"curies":[{"name":"wp","href":"https:\/\/api.w.org\/{rel}","templated":true}]}}