{"id":484,"date":"2016-09-23T19:20:08","date_gmt":"2016-09-23T19:20:08","guid":{"rendered":"http:\/\/www.tjerkstra.com\/wordpress\/?p=484"},"modified":"2016-09-23T19:20:08","modified_gmt":"2016-09-23T19:20:08","slug":"mozes","status":"publish","type":"post","link":"https:\/\/tjerkstra.com\/wordpress\/bibelbylden\/mozes\/","title":{"rendered":"Mozes"},"content":{"rendered":"<table class=\"contentpaneopen\">\n<tbody>\n<tr>\n<td class=\"contentheading\" width=\"100%\"><\/td>\n<td class=\"buttonheading\" align=\"right\" width=\"100%\"><a title=\"PDF\"> <img decoding=\"async\" src=\"http:\/\/www.tjerkstra.com\/images\/M_images\/pdf_button.png\" alt=\"PDF\" name=\"image\" align=\"middle\" border=\"0\" \/> <\/a><\/td>\n<td class=\"buttonheading\" align=\"right\" width=\"100%\"><a title=\"Print\"> <img decoding=\"async\" src=\"http:\/\/www.tjerkstra.com\/images\/M_images\/printButton.png\" alt=\"Print\" name=\"image\" align=\"middle\" border=\"0\" \/> <\/a><\/td>\n<td class=\"buttonheading\" align=\"right\" width=\"100%\"><a title=\"E-mail\"> <img decoding=\"async\" src=\"http:\/\/www.tjerkstra.com\/images\/M_images\/emailButton.png\" alt=\"E-mail\" name=\"image\" align=\"middle\" border=\"0\" \/> <\/a><\/td>\n<\/tr>\n<\/tbody>\n<\/table>\n<table class=\"contentpaneopen\">\n<tbody>\n<tr>\n<td colspan=\"2\" valign=\"top\"><em>fan anonym*<br \/>\n<\/em><br \/>\nNet dat se faak allinnich is,<br \/>\nde dochter fan de farao<br \/>\nhat altyd fammen om har hinne,<br \/>\nmar der is dochs in gemis,<br \/>\nse fielt har soms allinne.<\/p>\n<p>Mei seis freondinnen nei de Nyl,<br \/>\nwa hat dat yn Egypte no&#8230;<br \/>\nallinnich dy&#8217;t fan adel binne;<br \/>\nskjin fan lichem is har styl,<br \/>\ndan droegje yn de sinne.<\/p>\n<p><img loading=\"lazy\" decoding=\"async\" title=\"Image\" src=\"http:\/\/www.tjerkstra.com\/images\/stories\/deiboek6\/tn_scan065.jpg\" alt=\"Image\" width=\"450\" height=\"307\" border=\"0\" hspace=\"6\" \/><\/p>\n<p>It selskip komt rap op har \u00f4f,<br \/>\nde seis freondinnen yn panyk,<br \/>\nse komt en sjocht in boatsje driuwen<br \/>\nmei in jonkje yn it blau<br \/>\ndat g\u00fblt, sa kin &#8217;t net bliuwe.<\/p>\n<p>Net dat se him net widzje kin,<br \/>\nmar is sy oan in mem allyk?<br \/>\nSjed\u00ear, in famke kin fertelle<br \/>\ndat in frou fersoarget bern&#8230;<br \/>\nhim ek&#8230; \u00fat &#8217;t wetter helle.<\/p>\n<p><em>* In Fatikaansk fresko,<br \/>\nmakke troch skilders<br \/>\n\u00fat &#8216;e r\u00fbnte fan Rafa\u00ebl <\/em><\/td>\n<\/tr>\n<\/tbody>\n<\/table>\n","protected":false},"excerpt":{"rendered":"<p>fan anonym* Net dat se faak allinnich is, de dochter fan de farao hat altyd fammen om har hinne, mar der is dochs in gemis, se fielt har soms allinne. Mei seis freondinnen nei de Nyl, wa hat dat yn Egypte no&#8230; allinnich dy&#8217;t fan adel binne; skjin fan lichem is har styl, dan droegje [&hellip;]<\/p>\n","protected":false},"author":1,"featured_media":0,"comment_status":"closed","ping_status":"closed","sticky":false,"template":"","format":"standard","meta":{"footnotes":""},"categories":[4],"tags":[],"class_list":["post-484","post","type-post","status-publish","format-standard","hentry","category-bibelbylden"],"_links":{"self":[{"href":"https:\/\/tjerkstra.com\/wordpress\/wp-json\/wp\/v2\/posts\/484","targetHints":{"allow":["GET"]}}],"collection":[{"href":"https:\/\/tjerkstra.com\/wordpress\/wp-json\/wp\/v2\/posts"}],"about":[{"href":"https:\/\/tjerkstra.com\/wordpress\/wp-json\/wp\/v2\/types\/post"}],"author":[{"embeddable":true,"href":"https:\/\/tjerkstra.com\/wordpress\/wp-json\/wp\/v2\/users\/1"}],"replies":[{"embeddable":true,"href":"https:\/\/tjerkstra.com\/wordpress\/wp-json\/wp\/v2\/comments?post=484"}],"version-history":[{"count":1,"href":"https:\/\/tjerkstra.com\/wordpress\/wp-json\/wp\/v2\/posts\/484\/revisions"}],"predecessor-version":[{"id":485,"href":"https:\/\/tjerkstra.com\/wordpress\/wp-json\/wp\/v2\/posts\/484\/revisions\/485"}],"wp:attachment":[{"href":"https:\/\/tjerkstra.com\/wordpress\/wp-json\/wp\/v2\/media?parent=484"}],"wp:term":[{"taxonomy":"category","embeddable":true,"href":"https:\/\/tjerkstra.com\/wordpress\/wp-json\/wp\/v2\/categories?post=484"},{"taxonomy":"post_tag","embeddable":true,"href":"https:\/\/tjerkstra.com\/wordpress\/wp-json\/wp\/v2\/tags?post=484"}],"curies":[{"name":"wp","href":"https:\/\/api.w.org\/{rel}","templated":true}]}}