{"id":3921,"date":"2016-10-20T20:00:20","date_gmt":"2016-10-20T20:00:20","guid":{"rendered":"http:\/\/www.tjerkstra.com\/wordpress\/?p=3921"},"modified":"2016-10-20T20:00:20","modified_gmt":"2016-10-20T20:00:20","slug":"lytser-en-lytser","status":"publish","type":"post","link":"https:\/\/tjerkstra.com\/wordpress\/keunst\/lytser-en-lytser\/","title":{"rendered":"Lytser en lytser"},"content":{"rendered":"<table class=\"contentpaneopen\">\n<tbody>\n<tr>\n<td class=\"contentheading\" width=\"100%\"><\/td>\n<td class=\"buttonheading\" align=\"right\" width=\"100%\"><a title=\"PDF\"> <img decoding=\"async\" src=\"http:\/\/www.tjerkstra.com\/images\/M_images\/pdf_button.png\" alt=\"PDF\" name=\"image\" align=\"middle\" border=\"0\" \/> <\/a><\/td>\n<td class=\"buttonheading\" align=\"right\" width=\"100%\"><a title=\"Print\"> <img decoding=\"async\" src=\"http:\/\/www.tjerkstra.com\/images\/M_images\/printButton.png\" alt=\"Print\" name=\"image\" align=\"middle\" border=\"0\" \/> <\/a><\/td>\n<td class=\"buttonheading\" align=\"right\" width=\"100%\"><a title=\"E-mail\"> <img decoding=\"async\" src=\"http:\/\/www.tjerkstra.com\/images\/M_images\/emailButton.png\" alt=\"E-mail\" name=\"image\" align=\"middle\" border=\"0\" \/> <\/a><\/td>\n<\/tr>\n<\/tbody>\n<\/table>\n<table class=\"contentpaneopen\">\n<tbody>\n<tr>\n<td colspan=\"2\" valign=\"top\"><em>fan M.C. Escher*<\/p>\n<p><img loading=\"lazy\" decoding=\"async\" title=\"Image\" src=\"http:\/\/www.tjerkstra.com\/images\/stories\/deiboek4\/tn_img084.jpg\" alt=\"Image\" width=\"446\" height=\"450\" border=\"0\" hspace=\"6\" \/><\/em><\/p>\n<p>It grutte kr\u00fbpt faak nei de r\u00e2ne,<br \/>\ndocht yn &#8217;t swart syn frettend wurk<br \/>\nen wat ynklauwerich tel\u00e2ne<br \/>\nkomt, ferlytset \u00fbnder &#8217;t swurk.<\/p>\n<p>It wyt besiket te \u00fbntkommen,<br \/>\nwant it bloed kr\u00fbpt w\u00ear&#8217;t it sa<br \/>\nnet hinne wol, hoe sil it kromme<br \/>\nlykwols op it rjochte ta?<\/p>\n<p>It draait geduerich yn de r\u00fbnte,<br \/>\ngjin ferwin op grutter lea,<br \/>\nmar wol ferlytset al it b\u00fbnte<br \/>\noant it \u00fatkomt yn de dea.<\/p>\n<p><em>* M.C. Escher, wie in master<br \/>\nyn grafyske oergongen fan<br \/>\nfoarmen en kleuren.<br \/>\n<\/em><\/td>\n<\/tr>\n<\/tbody>\n<\/table>\n","protected":false},"excerpt":{"rendered":"<p>fan M.C. Escher* It grutte kr\u00fbpt faak nei de r\u00e2ne, docht yn &#8217;t swart syn frettend wurk en wat ynklauwerich tel\u00e2ne komt, ferlytset \u00fbnder &#8217;t swurk. It wyt besiket te \u00fbntkommen, want it bloed kr\u00fbpt w\u00ear&#8217;t it sa net hinne wol, hoe sil it kromme lykwols op it rjochte ta? It draait geduerich yn de [&hellip;]<\/p>\n","protected":false},"author":1,"featured_media":0,"comment_status":"closed","ping_status":"closed","sticky":false,"template":"","format":"standard","meta":{"footnotes":""},"categories":[6],"tags":[],"class_list":["post-3921","post","type-post","status-publish","format-standard","hentry","category-keunst"],"_links":{"self":[{"href":"https:\/\/tjerkstra.com\/wordpress\/wp-json\/wp\/v2\/posts\/3921","targetHints":{"allow":["GET"]}}],"collection":[{"href":"https:\/\/tjerkstra.com\/wordpress\/wp-json\/wp\/v2\/posts"}],"about":[{"href":"https:\/\/tjerkstra.com\/wordpress\/wp-json\/wp\/v2\/types\/post"}],"author":[{"embeddable":true,"href":"https:\/\/tjerkstra.com\/wordpress\/wp-json\/wp\/v2\/users\/1"}],"replies":[{"embeddable":true,"href":"https:\/\/tjerkstra.com\/wordpress\/wp-json\/wp\/v2\/comments?post=3921"}],"version-history":[{"count":1,"href":"https:\/\/tjerkstra.com\/wordpress\/wp-json\/wp\/v2\/posts\/3921\/revisions"}],"predecessor-version":[{"id":3922,"href":"https:\/\/tjerkstra.com\/wordpress\/wp-json\/wp\/v2\/posts\/3921\/revisions\/3922"}],"wp:attachment":[{"href":"https:\/\/tjerkstra.com\/wordpress\/wp-json\/wp\/v2\/media?parent=3921"}],"wp:term":[{"taxonomy":"category","embeddable":true,"href":"https:\/\/tjerkstra.com\/wordpress\/wp-json\/wp\/v2\/categories?post=3921"},{"taxonomy":"post_tag","embeddable":true,"href":"https:\/\/tjerkstra.com\/wordpress\/wp-json\/wp\/v2\/tags?post=3921"}],"curies":[{"name":"wp","href":"https:\/\/api.w.org\/{rel}","templated":true}]}}