{"id":3906,"date":"2016-10-20T19:49:54","date_gmt":"2016-10-20T19:49:54","guid":{"rendered":"http:\/\/www.tjerkstra.com\/wordpress\/?p=3906"},"modified":"2016-10-20T19:49:54","modified_gmt":"2016-10-20T19:49:54","slug":"eksekusje","status":"publish","type":"post","link":"https:\/\/tjerkstra.com\/wordpress\/keunst\/eksekusje\/","title":{"rendered":"Eksek\u00fasje"},"content":{"rendered":"<table class=\"contentpaneopen\">\n<tbody>\n<tr>\n<td class=\"contentheading\" width=\"100%\"><\/td>\n<td class=\"buttonheading\" align=\"right\" width=\"100%\"><a title=\"PDF\"> <img decoding=\"async\" src=\"http:\/\/www.tjerkstra.com\/images\/M_images\/pdf_button.png\" alt=\"PDF\" name=\"image\" align=\"middle\" border=\"0\" \/> <\/a><\/td>\n<td class=\"buttonheading\" align=\"right\" width=\"100%\"><a title=\"Print\"> <img decoding=\"async\" src=\"http:\/\/www.tjerkstra.com\/images\/M_images\/printButton.png\" alt=\"Print\" name=\"image\" align=\"middle\" border=\"0\" \/> <\/a><\/td>\n<td class=\"buttonheading\" align=\"right\" width=\"100%\"><a title=\"E-mail\"> <img decoding=\"async\" src=\"http:\/\/www.tjerkstra.com\/images\/M_images\/emailButton.png\" alt=\"E-mail\" name=\"image\" align=\"middle\" border=\"0\" \/> <\/a><\/td>\n<\/tr>\n<\/tbody>\n<\/table>\n<table class=\"contentpaneopen\">\n<tbody>\n<tr>\n<td colspan=\"2\" valign=\"top\"><em>fan Francisco Goya*<\/p>\n<p><img loading=\"lazy\" decoding=\"async\" title=\"Image\" src=\"http:\/\/www.tjerkstra.com\/images\/stories\/deiboek4\/tn_img050.jpg\" alt=\"Image\" width=\"450\" height=\"314\" border=\"0\" hspace=\"6\" \/><br \/>\n<\/em><br \/>\nWat ha ik noch te sizzen<br \/>\nyn de alderl\u00easte tel?<br \/>\nIt bin ien \u00fat it sljochte folk,<br \/>\nin Spanjaard s\u00fbnder franje,<br \/>\nlibjend, fjochtsjend, haatsjend like fel,<br \/>\nwant Napoleon sil lizze<br \/>\ntroch de grime fan myn dolk<br \/>\ndy&#8217;t stekt him djipper yn de hel.<br \/>\nDit ha ik noch te sizzen:<br \/>\nlang libje Spanje!<\/p>\n<p><img loading=\"lazy\" decoding=\"async\" title=\"Image\" src=\"http:\/\/www.tjerkstra.com\/images\/stories\/deiboek4\/tn_img051.jpg\" alt=\"Image\" width=\"450\" height=\"311\" border=\"0\" hspace=\"6\" \/><\/p>\n<p>Mei it teken yn de h\u00e2n,<br \/>\nit stigma fan syn striid,<br \/>\nstiek dizze kristus ta,<br \/>\nsyn lea as \u00fbnderp\u00e2n<br \/>\nyn &#8217;t fjurjen, &#8217;t wie syn tiid.<\/p>\n<p><img loading=\"lazy\" decoding=\"async\" title=\"Image\" src=\"http:\/\/www.tjerkstra.com\/images\/stories\/deiboek4\/tn_img053.jpg\" alt=\"Image\" width=\"450\" height=\"362\" border=\"0\" hspace=\"6\" \/><\/p>\n<p>It fljocht foarby de eagen<br \/>\nyn de alderl\u00easte tel:<br \/>\nin libben as in prins gelyk<br \/>\nfan Eastenryk nei &#8217;t fiere<br \/>\nMeksiko as keizer yn de sel,<br \/>\nwant Napoleon syn leagen<br \/>\nmakket daliks my ta lyk,<br \/>\no Kristus, sparje my de hel.<br \/>\nDit ha ik noch foar eagen:<br \/>\nlang libje Eastenryk!<\/p>\n<p><img loading=\"lazy\" decoding=\"async\" title=\"Image\" src=\"http:\/\/www.tjerkstra.com\/images\/stories\/deiboek4\/tn_img052.jpg\" alt=\"Image\" width=\"308\" height=\"450\" border=\"0\" hspace=\"6\" \/><\/p>\n<p>Mei in teken om de kr\u00fan,<br \/>\nde aura fan syn wil,<br \/>\nseach dizze kristus fier<br \/>\nde bloei fan Edens t\u00fan<br \/>\nyn &#8217;t fjurjen, &#8217;t waard doe stil.<\/p>\n<p>*<em> Francisco Goya (1746-1828)<br \/>\nhat in rige etsen makke en<br \/>\nit skilderij &#8216;De tredde maaie 1808&#8242;<br \/>\noer de ferskrikkings fan de oarloch,<br \/>\ndoe&#8217;t de troepen fan Napoleon<br \/>\ntusken 1808 en 1814 yn Spanje<br \/>\nh\u00fasholden.<\/p>\n<p>** Edouard Manet (1832-1883)<br \/>\nskildere de &#8216;Eksek\u00fasje fan keizer<br \/>\nMaksimiliaan&#8217; fan Meksiko yn 1867,<br \/>\ndy&#8217;t troch keizer Napoleon III<br \/>\nyn de steek litten waard.<\/p>\n<p><\/em><em><br \/>\n<\/em><\/td>\n<\/tr>\n<\/tbody>\n<\/table>\n","protected":false},"excerpt":{"rendered":"<p>fan Francisco Goya* Wat ha ik noch te sizzen yn de alderl\u00easte tel? It bin ien \u00fat it sljochte folk, in Spanjaard s\u00fbnder franje, libjend, fjochtsjend, haatsjend like fel, want Napoleon sil lizze troch de grime fan myn dolk dy&#8217;t stekt him djipper yn de hel. Dit ha ik noch te sizzen: lang libje Spanje! [&hellip;]<\/p>\n","protected":false},"author":1,"featured_media":0,"comment_status":"closed","ping_status":"closed","sticky":false,"template":"","format":"standard","meta":{"footnotes":""},"categories":[6],"tags":[],"class_list":["post-3906","post","type-post","status-publish","format-standard","hentry","category-keunst"],"_links":{"self":[{"href":"https:\/\/tjerkstra.com\/wordpress\/wp-json\/wp\/v2\/posts\/3906","targetHints":{"allow":["GET"]}}],"collection":[{"href":"https:\/\/tjerkstra.com\/wordpress\/wp-json\/wp\/v2\/posts"}],"about":[{"href":"https:\/\/tjerkstra.com\/wordpress\/wp-json\/wp\/v2\/types\/post"}],"author":[{"embeddable":true,"href":"https:\/\/tjerkstra.com\/wordpress\/wp-json\/wp\/v2\/users\/1"}],"replies":[{"embeddable":true,"href":"https:\/\/tjerkstra.com\/wordpress\/wp-json\/wp\/v2\/comments?post=3906"}],"version-history":[{"count":1,"href":"https:\/\/tjerkstra.com\/wordpress\/wp-json\/wp\/v2\/posts\/3906\/revisions"}],"predecessor-version":[{"id":3907,"href":"https:\/\/tjerkstra.com\/wordpress\/wp-json\/wp\/v2\/posts\/3906\/revisions\/3907"}],"wp:attachment":[{"href":"https:\/\/tjerkstra.com\/wordpress\/wp-json\/wp\/v2\/media?parent=3906"}],"wp:term":[{"taxonomy":"category","embeddable":true,"href":"https:\/\/tjerkstra.com\/wordpress\/wp-json\/wp\/v2\/categories?post=3906"},{"taxonomy":"post_tag","embeddable":true,"href":"https:\/\/tjerkstra.com\/wordpress\/wp-json\/wp\/v2\/tags?post=3906"}],"curies":[{"name":"wp","href":"https:\/\/api.w.org\/{rel}","templated":true}]}}