{"id":3892,"date":"2016-10-20T19:38:40","date_gmt":"2016-10-20T19:38:40","guid":{"rendered":"http:\/\/www.tjerkstra.com\/wordpress\/?p=3892"},"modified":"2016-10-20T19:38:40","modified_gmt":"2016-10-20T19:38:40","slug":"stillibben-mei-kears","status":"publish","type":"post","link":"https:\/\/tjerkstra.com\/wordpress\/keunst\/stillibben-mei-kears\/","title":{"rendered":"Stillibben mei kears"},"content":{"rendered":"<table class=\"contentpaneopen\">\n<tbody>\n<tr>\n<td class=\"contentheading\" width=\"100%\"><\/td>\n<td class=\"buttonheading\" align=\"right\" width=\"100%\"><a title=\"PDF\"> <img decoding=\"async\" src=\"http:\/\/www.tjerkstra.com\/images\/M_images\/pdf_button.png\" alt=\"PDF\" name=\"image\" align=\"middle\" border=\"0\" \/> <\/a><\/td>\n<td class=\"buttonheading\" align=\"right\" width=\"100%\"><a title=\"Print\"> <img decoding=\"async\" src=\"http:\/\/www.tjerkstra.com\/images\/M_images\/printButton.png\" alt=\"Print\" name=\"image\" align=\"middle\" border=\"0\" \/> <\/a><\/td>\n<td class=\"buttonheading\" align=\"right\" width=\"100%\"><a title=\"E-mail\"> <img decoding=\"async\" src=\"http:\/\/www.tjerkstra.com\/images\/M_images\/emailButton.png\" alt=\"E-mail\" name=\"image\" align=\"middle\" border=\"0\" \/> <\/a><\/td>\n<\/tr>\n<\/tbody>\n<\/table>\n<table class=\"contentpaneopen\">\n<tbody>\n<tr>\n<td colspan=\"2\" valign=\"top\"><em>fan Pieter Claesz*<\/p>\n<p><img loading=\"lazy\" decoding=\"async\" title=\"Image\" src=\"http:\/\/www.tjerkstra.com\/images\/stories\/deiboek3\/tn_img022.jpg\" alt=\"Image\" width=\"450\" height=\"352\" border=\"0\" hspace=\"6\" \/><br \/>\n<\/em><br \/>\nW\u00ear is de minske dy&#8217;t hjir siet<br \/>\nte l\u00eazen yn de almanak?<br \/>\nIn man of earder frou, wat wie<br \/>\n&#8217;t mystearje fan dit plak?<\/p>\n<p>De knypbril paste &#8217;t b\u00east de frou,<br \/>\nsy stiek de lange kears ek oan<br \/>\nen sloech de Bibel iepen, trou<br \/>\noan &#8217;t alledeisk patroan.<\/p>\n<p>Sy lies it haadstik fan de frou<br \/>\ndy&#8217;t kening Saul de wierheid sei:<br \/>\nop &#8217;t striidfjild kaam er yn it nau<br \/>\nen stoar op ljochtskyndei.<\/p>\n<p>De kears stie foar de helte noch,<br \/>\nsy naam in slokje fan de wyn,<br \/>\ndoe bl\u00eade se dat boekje troch,<br \/>\nmar gie der net op yn.<\/p>\n<p>Nei&#8217;t sy it plak ferlitten hie,<br \/>\nkaam hoeden foar it ljocht de man;<br \/>\nmei kears en bril gau \u00fat &#8216;e rie,<br \/>\nfoar him in l\u00eashelp span.<\/p>\n<p>Mar bibeltekst en almanak,<br \/>\ndy beide spanden tsjin him gear;<br \/>\nhy fielde him net op syn plak,<br \/>\nferlear mei Saul de ear.<\/p>\n<p>Hy sloech de Bibel klappend ticht<br \/>\nen swolge fan de wite wyn;<br \/>\nde almanak bleau foar it sicht,<br \/>\n&#8217;t mystearje stie d\u00earyn.<\/p>\n<p><em>* Pieter Claesz (1597\/1598-1661)<br \/>\nwaard berne yn Burgsteinfurt,<br \/>\nmar ferfear letter nei Haarlem,<br \/>\nd\u00ear&#8217;t er de keunst fan it stillibben<br \/>\nbeoefene.<br \/>\n<\/em><\/td>\n<\/tr>\n<\/tbody>\n<\/table>\n","protected":false},"excerpt":{"rendered":"<p>fan Pieter Claesz* W\u00ear is de minske dy&#8217;t hjir siet te l\u00eazen yn de almanak? In man of earder frou, wat wie &#8217;t mystearje fan dit plak? De knypbril paste &#8217;t b\u00east de frou, sy stiek de lange kears ek oan en sloech de Bibel iepen, trou oan &#8217;t alledeisk patroan. Sy lies it haadstik [&hellip;]<\/p>\n","protected":false},"author":1,"featured_media":0,"comment_status":"closed","ping_status":"closed","sticky":false,"template":"","format":"standard","meta":{"footnotes":""},"categories":[6],"tags":[],"class_list":["post-3892","post","type-post","status-publish","format-standard","hentry","category-keunst"],"_links":{"self":[{"href":"https:\/\/tjerkstra.com\/wordpress\/wp-json\/wp\/v2\/posts\/3892","targetHints":{"allow":["GET"]}}],"collection":[{"href":"https:\/\/tjerkstra.com\/wordpress\/wp-json\/wp\/v2\/posts"}],"about":[{"href":"https:\/\/tjerkstra.com\/wordpress\/wp-json\/wp\/v2\/types\/post"}],"author":[{"embeddable":true,"href":"https:\/\/tjerkstra.com\/wordpress\/wp-json\/wp\/v2\/users\/1"}],"replies":[{"embeddable":true,"href":"https:\/\/tjerkstra.com\/wordpress\/wp-json\/wp\/v2\/comments?post=3892"}],"version-history":[{"count":1,"href":"https:\/\/tjerkstra.com\/wordpress\/wp-json\/wp\/v2\/posts\/3892\/revisions"}],"predecessor-version":[{"id":3893,"href":"https:\/\/tjerkstra.com\/wordpress\/wp-json\/wp\/v2\/posts\/3892\/revisions\/3893"}],"wp:attachment":[{"href":"https:\/\/tjerkstra.com\/wordpress\/wp-json\/wp\/v2\/media?parent=3892"}],"wp:term":[{"taxonomy":"category","embeddable":true,"href":"https:\/\/tjerkstra.com\/wordpress\/wp-json\/wp\/v2\/categories?post=3892"},{"taxonomy":"post_tag","embeddable":true,"href":"https:\/\/tjerkstra.com\/wordpress\/wp-json\/wp\/v2\/tags?post=3892"}],"curies":[{"name":"wp","href":"https:\/\/api.w.org\/{rel}","templated":true}]}}