{"id":3399,"date":"2016-10-17T18:38:20","date_gmt":"2016-10-17T18:38:20","guid":{"rendered":"http:\/\/www.tjerkstra.com\/wordpress\/?p=3399"},"modified":"2016-10-17T18:38:20","modified_gmt":"2016-10-17T18:38:20","slug":"mona-lisa-fan-snits","status":"publish","type":"post","link":"https:\/\/tjerkstra.com\/wordpress\/lyrysk-deiboek\/mona-lisa-fan-snits\/","title":{"rendered":"Mona Lisa fan Snits"},"content":{"rendered":"<table class=\"contentpaneopen\">\n<tbody>\n<tr>\n<td class=\"contentheading\" width=\"100%\"><\/td>\n<td class=\"buttonheading\" align=\"right\" width=\"100%\"><a title=\"PDF\"> <img decoding=\"async\" src=\"http:\/\/www.tjerkstra.com\/images\/M_images\/pdf_button.png\" alt=\"PDF\" name=\"image\" align=\"middle\" border=\"0\" \/> <\/a><\/td>\n<td class=\"buttonheading\" align=\"right\" width=\"100%\"><a title=\"Print\"> <img decoding=\"async\" src=\"http:\/\/www.tjerkstra.com\/images\/M_images\/printButton.png\" alt=\"Print\" name=\"image\" align=\"middle\" border=\"0\" \/> <\/a><\/td>\n<td class=\"buttonheading\" align=\"right\" width=\"100%\"><a title=\"E-mail\"> <img decoding=\"async\" src=\"http:\/\/www.tjerkstra.com\/images\/M_images\/emailButton.png\" alt=\"E-mail\" name=\"image\" align=\"middle\" border=\"0\" \/> <\/a><\/td>\n<\/tr>\n<\/tbody>\n<\/table>\n<table class=\"contentpaneopen\">\n<tbody>\n<tr>\n<td colspan=\"2\" valign=\"top\"><img loading=\"lazy\" decoding=\"async\" title=\"Image\" src=\"http:\/\/www.tjerkstra.com\/images\/stories\/deiboek4\/tn_img112.jpg\" alt=\"Image\" width=\"296\" height=\"450\" border=\"0\" hspace=\"6\" \/><br \/>\nLeonardo da Vinci<\/p>\n<p>Mona Lisa, donker is dyn stal,<br \/>\ndyn hier, sa strielje ek dyn eagen,<br \/>\nblierkjend l\u00e2nskip fan in frou,<br \/>\nnoch moaier as it gea syn weagen<br \/>\nachter dy, do skientme fan &#8217;t hielal.<\/p>\n<p>&#8217;t Wie Elisabet, se seine Lys,<br \/>\nit sl\u00fbke hier hong foar dyn eagen,<br \/>\nlizich b\u00fbtl\u00e2n fan in faam,<br \/>\nwat ha se dy de dei troch pleage,<br \/>\nmar do f\u00fbnst, se binne lang net wiis.<\/p>\n<p>Mona Lisa fan \u00fas eigen Snits,<br \/>\ngjinien hat noch de Lys foar eagen<br \/>\nb\u00fbten elke griene dyk,<br \/>\nhoe&#8217;t earder jonges nei dy seagen,<br \/>\nglimkest strieljend om, foar har bist blits.<\/p>\n<p><img loading=\"lazy\" decoding=\"async\" title=\"Image\" src=\"http:\/\/www.tjerkstra.com\/images\/stories\/deiboek4\/tn_100_9226.jpg\" alt=\"Image\" width=\"450\" height=\"338\" border=\"0\" hspace=\"6\" \/><\/td>\n<\/tr>\n<\/tbody>\n<\/table>\n","protected":false},"excerpt":{"rendered":"<p>Leonardo da Vinci Mona Lisa, donker is dyn stal, dyn hier, sa strielje ek dyn eagen, blierkjend l\u00e2nskip fan in frou, noch moaier as it gea syn weagen achter dy, do skientme fan &#8217;t hielal. &#8217;t Wie Elisabet, se seine Lys, it sl\u00fbke hier hong foar dyn eagen, lizich b\u00fbtl\u00e2n fan in faam, wat ha [&hellip;]<\/p>\n","protected":false},"author":1,"featured_media":0,"comment_status":"closed","ping_status":"closed","sticky":false,"template":"","format":"standard","meta":{"footnotes":""},"categories":[3],"tags":[],"class_list":["post-3399","post","type-post","status-publish","format-standard","hentry","category-lyrysk-deiboek"],"_links":{"self":[{"href":"https:\/\/tjerkstra.com\/wordpress\/wp-json\/wp\/v2\/posts\/3399","targetHints":{"allow":["GET"]}}],"collection":[{"href":"https:\/\/tjerkstra.com\/wordpress\/wp-json\/wp\/v2\/posts"}],"about":[{"href":"https:\/\/tjerkstra.com\/wordpress\/wp-json\/wp\/v2\/types\/post"}],"author":[{"embeddable":true,"href":"https:\/\/tjerkstra.com\/wordpress\/wp-json\/wp\/v2\/users\/1"}],"replies":[{"embeddable":true,"href":"https:\/\/tjerkstra.com\/wordpress\/wp-json\/wp\/v2\/comments?post=3399"}],"version-history":[{"count":1,"href":"https:\/\/tjerkstra.com\/wordpress\/wp-json\/wp\/v2\/posts\/3399\/revisions"}],"predecessor-version":[{"id":3400,"href":"https:\/\/tjerkstra.com\/wordpress\/wp-json\/wp\/v2\/posts\/3399\/revisions\/3400"}],"wp:attachment":[{"href":"https:\/\/tjerkstra.com\/wordpress\/wp-json\/wp\/v2\/media?parent=3399"}],"wp:term":[{"taxonomy":"category","embeddable":true,"href":"https:\/\/tjerkstra.com\/wordpress\/wp-json\/wp\/v2\/categories?post=3399"},{"taxonomy":"post_tag","embeddable":true,"href":"https:\/\/tjerkstra.com\/wordpress\/wp-json\/wp\/v2\/tags?post=3399"}],"curies":[{"name":"wp","href":"https:\/\/api.w.org\/{rel}","templated":true}]}}