{"id":3288,"date":"2016-10-16T19:36:51","date_gmt":"2016-10-16T19:36:51","guid":{"rendered":"http:\/\/www.tjerkstra.com\/wordpress\/?p=3288"},"modified":"2016-10-16T19:36:51","modified_gmt":"2016-10-16T19:36:51","slug":"herman-willem-daendels","status":"publish","type":"post","link":"https:\/\/tjerkstra.com\/wordpress\/skiednisbylden\/herman-willem-daendels\/","title":{"rendered":"Herman Willem Daendels"},"content":{"rendered":"<table class=\"contentpaneopen\">\n<tbody>\n<tr>\n<td class=\"contentheading\" width=\"100%\"><\/td>\n<td class=\"buttonheading\" align=\"right\" width=\"100%\"><a title=\"PDF\"> <img decoding=\"async\" src=\"http:\/\/www.tjerkstra.com\/images\/M_images\/pdf_button.png\" alt=\"PDF\" name=\"image\" align=\"middle\" border=\"0\" \/> <\/a><\/td>\n<td class=\"buttonheading\" align=\"right\" width=\"100%\"><a title=\"Print\"> <img decoding=\"async\" src=\"http:\/\/www.tjerkstra.com\/images\/M_images\/printButton.png\" alt=\"Print\" name=\"image\" align=\"middle\" border=\"0\" \/> <\/a><\/td>\n<td class=\"buttonheading\" align=\"right\" width=\"100%\"><a title=\"E-mail\"> <img decoding=\"async\" src=\"http:\/\/www.tjerkstra.com\/images\/M_images\/emailButton.png\" alt=\"E-mail\" name=\"image\" align=\"middle\" border=\"0\" \/> <\/a><\/td>\n<\/tr>\n<\/tbody>\n<\/table>\n<table class=\"contentpaneopen\">\n<tbody>\n<tr>\n<td colspan=\"2\" valign=\"top\"><em>fan Raden Saleh*<\/p>\n<p><img loading=\"lazy\" decoding=\"async\" title=\"Image\" src=\"http:\/\/www.tjerkstra.com\/images\/stories\/deiboek6\/tn_daendels.jpg\" alt=\"Image\" width=\"371\" height=\"450\" border=\"0\" hspace=\"6\" \/><br \/>\n<\/em><br \/>\nIt jonkje gie de ljedder op en del,<br \/>\nwant Herman Willem promovearre,<br \/>\nwie ek jierren net yn tel,<br \/>\nas kening Daendels woed er stjerre.<\/p>\n<p>As advokaat gie &#8217;t wurd de m\u00fble \u00fat,<br \/>\nhy skeat as kapitein mei k\u00fbgels<br \/>\nfoar it Fr\u00e2nske folksbesl\u00fat,<br \/>\nseach foar de frijheid nei de f\u00fbgels.<\/p>\n<p>Hy waard troch &#8217;t frije wurd sels f\u00fbgelfrij<br \/>\nen flechte nei syn Fr\u00e2nske maten,<br \/>\nkaam mei har werom, it tij<br \/>\nferoare mei foar him de baten.<\/p>\n<p>It wie de generaal net gau nei &#8217;t sin,<br \/>\nde heechste steat lei foar it gripen,<br \/>\nmar it hie in min ferrin,<br \/>\nwant Daendels kriich gjin Fr\u00e2nske stipe.<\/p>\n<p>Fan romroft revol\u00fasjon\u00ear nei boer:<br \/>\nde r\u00fbge heidegr\u00fbn \u00fbntginne,<br \/>\nfoar syn bargen kaam der foer,<br \/>\nmar &#8217;t fjurrich aard woe nei de sinne.<\/p>\n<p>Yn &#8217;t fiere Ynje waard er g\u00fbverneur<br \/>\nen letter yn it l\u00e2n fan slaven,<br \/>\nd\u00ear&#8217;t in ein kaam oan de fleur,<br \/>\nhy liet him yn dat gea begrave.<\/p>\n<p><em>* Raden Saleh (1811-1880)<br \/>\nSkilderij &#8216;G\u00fbverneur-generaal Daendels&#8217;<\/p>\n<p><\/em><\/td>\n<\/tr>\n<\/tbody>\n<\/table>\n","protected":false},"excerpt":{"rendered":"<p>fan Raden Saleh* It jonkje gie de ljedder op en del, want Herman Willem promovearre, wie ek jierren net yn tel, as kening Daendels woed er stjerre. As advokaat gie &#8217;t wurd de m\u00fble \u00fat, hy skeat as kapitein mei k\u00fbgels foar it Fr\u00e2nske folksbesl\u00fat, seach foar de frijheid nei de f\u00fbgels. Hy waard troch [&hellip;]<\/p>\n","protected":false},"author":1,"featured_media":0,"comment_status":"closed","ping_status":"closed","sticky":false,"template":"","format":"standard","meta":{"footnotes":""},"categories":[9],"tags":[],"class_list":["post-3288","post","type-post","status-publish","format-standard","hentry","category-skiednisbylden"],"_links":{"self":[{"href":"https:\/\/tjerkstra.com\/wordpress\/wp-json\/wp\/v2\/posts\/3288","targetHints":{"allow":["GET"]}}],"collection":[{"href":"https:\/\/tjerkstra.com\/wordpress\/wp-json\/wp\/v2\/posts"}],"about":[{"href":"https:\/\/tjerkstra.com\/wordpress\/wp-json\/wp\/v2\/types\/post"}],"author":[{"embeddable":true,"href":"https:\/\/tjerkstra.com\/wordpress\/wp-json\/wp\/v2\/users\/1"}],"replies":[{"embeddable":true,"href":"https:\/\/tjerkstra.com\/wordpress\/wp-json\/wp\/v2\/comments?post=3288"}],"version-history":[{"count":1,"href":"https:\/\/tjerkstra.com\/wordpress\/wp-json\/wp\/v2\/posts\/3288\/revisions"}],"predecessor-version":[{"id":3289,"href":"https:\/\/tjerkstra.com\/wordpress\/wp-json\/wp\/v2\/posts\/3288\/revisions\/3289"}],"wp:attachment":[{"href":"https:\/\/tjerkstra.com\/wordpress\/wp-json\/wp\/v2\/media?parent=3288"}],"wp:term":[{"taxonomy":"category","embeddable":true,"href":"https:\/\/tjerkstra.com\/wordpress\/wp-json\/wp\/v2\/categories?post=3288"},{"taxonomy":"post_tag","embeddable":true,"href":"https:\/\/tjerkstra.com\/wordpress\/wp-json\/wp\/v2\/tags?post=3288"}],"curies":[{"name":"wp","href":"https:\/\/api.w.org\/{rel}","templated":true}]}}