{"id":3283,"date":"2016-10-16T19:33:56","date_gmt":"2016-10-16T19:33:56","guid":{"rendered":"http:\/\/www.tjerkstra.com\/wordpress\/?p=3283"},"modified":"2016-10-16T19:33:56","modified_gmt":"2016-10-16T19:33:56","slug":"bataafske-misslach","status":"publish","type":"post","link":"https:\/\/tjerkstra.com\/wordpress\/skiednisbylden\/bataafske-misslach\/","title":{"rendered":"Bataafske misslach"},"content":{"rendered":"<table class=\"contentpaneopen\">\n<tbody>\n<tr>\n<td class=\"contentheading\" width=\"100%\"><\/td>\n<td class=\"buttonheading\" align=\"right\" width=\"100%\"><a title=\"PDF\"> <img decoding=\"async\" src=\"http:\/\/www.tjerkstra.com\/images\/M_images\/pdf_button.png\" alt=\"PDF\" name=\"image\" align=\"middle\" border=\"0\" \/> <\/a><\/td>\n<td class=\"buttonheading\" align=\"right\" width=\"100%\"><a title=\"Print\"> <img decoding=\"async\" src=\"http:\/\/www.tjerkstra.com\/images\/M_images\/printButton.png\" alt=\"Print\" name=\"image\" align=\"middle\" border=\"0\" \/> <\/a><\/td>\n<td class=\"buttonheading\" align=\"right\" width=\"100%\"><a title=\"E-mail\"> <img decoding=\"async\" src=\"http:\/\/www.tjerkstra.com\/images\/M_images\/emailButton.png\" alt=\"E-mail\" name=\"image\" align=\"middle\" border=\"0\" \/> <\/a><\/td>\n<\/tr>\n<\/tbody>\n<\/table>\n<table class=\"contentpaneopen\">\n<tbody>\n<tr>\n<td colspan=\"2\" valign=\"top\"><em>fan Thomas Whitcombe*<br \/>\nfan \u00fbnbekend**<br \/>\n<\/em><br \/>\nGjin l\u00e2n behearske sa de weagen<br \/>\nas de nije republyk,<br \/>\nde frije steat fan de Bataven,<br \/>\nstriders foar it Fr\u00e2nske ryk,<br \/>\nit leafst tichtby de haven.<\/p>\n<p><img loading=\"lazy\" decoding=\"async\" title=\"Image\" src=\"http:\/\/www.tjerkstra.com\/images\/stories\/deiboek6\/kamperduin%201.jpg\" alt=\"Image\" width=\"350\" height=\"226\" border=\"0\" hspace=\"6\" \/><\/p>\n<p>De haven wie dy fan Den Helder,<br \/>\nd\u00ear&#8217;t De Winter*** joech it sein<br \/>\nom \u00fat te farren tsjin de Britten<br \/>\nmei de sege yn it brein<br \/>\nnoch foar it earste sjitten.<\/p>\n<p>De skotten dreunden oer de weagen<br \/>\nfoar de frijheid fan de steat<br \/>\nen &#8217;t \u00fbnderstr\u00fbpen fan de Britten;<br \/>\nfoar &#8216;De Vrijheid&#8217; gie &#8217;t ferkeard,<br \/>\nDe Winter hat it witten.<\/p>\n<p><img loading=\"lazy\" decoding=\"async\" title=\"Image\" src=\"http:\/\/www.tjerkstra.com\/images\/stories\/deiboek6\/tn_kamperduin%202.jpg\" alt=\"Image\" width=\"250\" height=\"288\" border=\"0\" hspace=\"6\" \/><\/p>\n<p>De fice-admiraal moast sitte<br \/>\nby de Britten op it l\u00e2n,<br \/>\ndy&#8217;t hearsken oer de measte weagen,<br \/>\nholden sa har steat yn st\u00e2n<br \/>\nen frijheid klear foar eagen.<\/p>\n<p><em>* Thomas Whitcombe (1763-1824)<br \/>\nSkilderij &#8216;Slach by Kamperduin&#8217;<\/p>\n<p>** Skilderij &#8216;Slach by Kamperduin&#8217;<\/p>\n<p>*** Fice-admiraal op it skip &#8216;De Vrijheid&#8217;<\/em><\/td>\n<\/tr>\n<\/tbody>\n<\/table>\n<table align=\"center\">\n<tbody>\n<tr>\n<th class=\"pagenav\"><a href=\"http:\/\/www.tjerkstra.com\/index.php?option=com_content&amp;task=view&amp;id=3194&amp;Itemid=69\"> &lt; Foarige <\/a><\/th>\n<td width=\"50px\"><\/td>\n<\/tr>\n<\/tbody>\n<\/table>\n","protected":false},"excerpt":{"rendered":"<p>fan Thomas Whitcombe* fan \u00fbnbekend** Gjin l\u00e2n behearske sa de weagen as de nije republyk, de frije steat fan de Bataven, striders foar it Fr\u00e2nske ryk, it leafst tichtby de haven. De haven wie dy fan Den Helder, d\u00ear&#8217;t De Winter*** joech it sein om \u00fat te farren tsjin de Britten mei de sege yn [&hellip;]<\/p>\n","protected":false},"author":1,"featured_media":0,"comment_status":"closed","ping_status":"closed","sticky":false,"template":"","format":"standard","meta":{"footnotes":""},"categories":[9],"tags":[],"class_list":["post-3283","post","type-post","status-publish","format-standard","hentry","category-skiednisbylden"],"_links":{"self":[{"href":"https:\/\/tjerkstra.com\/wordpress\/wp-json\/wp\/v2\/posts\/3283","targetHints":{"allow":["GET"]}}],"collection":[{"href":"https:\/\/tjerkstra.com\/wordpress\/wp-json\/wp\/v2\/posts"}],"about":[{"href":"https:\/\/tjerkstra.com\/wordpress\/wp-json\/wp\/v2\/types\/post"}],"author":[{"embeddable":true,"href":"https:\/\/tjerkstra.com\/wordpress\/wp-json\/wp\/v2\/users\/1"}],"replies":[{"embeddable":true,"href":"https:\/\/tjerkstra.com\/wordpress\/wp-json\/wp\/v2\/comments?post=3283"}],"version-history":[{"count":1,"href":"https:\/\/tjerkstra.com\/wordpress\/wp-json\/wp\/v2\/posts\/3283\/revisions"}],"predecessor-version":[{"id":3284,"href":"https:\/\/tjerkstra.com\/wordpress\/wp-json\/wp\/v2\/posts\/3283\/revisions\/3284"}],"wp:attachment":[{"href":"https:\/\/tjerkstra.com\/wordpress\/wp-json\/wp\/v2\/media?parent=3283"}],"wp:term":[{"taxonomy":"category","embeddable":true,"href":"https:\/\/tjerkstra.com\/wordpress\/wp-json\/wp\/v2\/categories?post=3283"},{"taxonomy":"post_tag","embeddable":true,"href":"https:\/\/tjerkstra.com\/wordpress\/wp-json\/wp\/v2\/tags?post=3283"}],"curies":[{"name":"wp","href":"https:\/\/api.w.org\/{rel}","templated":true}]}}