{"id":3224,"date":"2016-10-16T18:53:07","date_gmt":"2016-10-16T18:53:07","guid":{"rendered":"http:\/\/www.tjerkstra.com\/wordpress\/?p=3224"},"modified":"2016-10-16T18:53:07","modified_gmt":"2016-10-16T18:53:07","slug":"libben-ferline","status":"publish","type":"post","link":"https:\/\/tjerkstra.com\/wordpress\/skutsjesilen\/libben-ferline\/","title":{"rendered":"Libben ferline"},"content":{"rendered":"<table class=\"contentpaneopen\">\n<tbody>\n<tr>\n<td class=\"contentheading\" width=\"100%\"><\/td>\n<td class=\"buttonheading\" align=\"right\" width=\"100%\"><a title=\"PDF\"> <img decoding=\"async\" src=\"http:\/\/www.tjerkstra.com\/images\/M_images\/pdf_button.png\" alt=\"PDF\" name=\"image\" align=\"middle\" border=\"0\" \/> <\/a><\/td>\n<td class=\"buttonheading\" align=\"right\" width=\"100%\"><a title=\"Print\"> <img decoding=\"async\" src=\"http:\/\/www.tjerkstra.com\/images\/M_images\/printButton.png\" alt=\"Print\" name=\"image\" align=\"middle\" border=\"0\" \/> <\/a><\/td>\n<td class=\"buttonheading\" align=\"right\" width=\"100%\"><a title=\"E-mail\"> <img decoding=\"async\" src=\"http:\/\/www.tjerkstra.com\/images\/M_images\/emailButton.png\" alt=\"E-mail\" name=\"image\" align=\"middle\" border=\"0\" \/> <\/a><\/td>\n<\/tr>\n<\/tbody>\n<\/table>\n<table class=\"contentpaneopen\">\n<tbody>\n<tr>\n<td colspan=\"2\" valign=\"top\">Ut it sk\u00fbtsje-argyf 1995<\/p>\n<p>In heale ieu al SKS,<br \/>\nin teken dat de sk\u00fbtsjes libje<br \/>\nmei in ent\u00fbsjast publyk<br \/>\nen striid op &#8217;t skerpste fan it mes,<br \/>\nom&#8217;t skippers nei it heechste stribje.<\/p>\n<p><img loading=\"lazy\" decoding=\"async\" title=\"Image\" src=\"http:\/\/www.tjerkstra.com\/images\/stories\/deiboek5\/tn_scan367.jpg\" alt=\"Image\" width=\"450\" height=\"197\" border=\"0\" hspace=\"6\" \/><\/p>\n<p>&#8217;t Ferline eaget altyd skier<br \/>\nmei sk\u00fbtsjes, tsjalken en ek klippers<br \/>\nfoar in steatlik klaaid publyk<br \/>\nmei huodden op &#8216;e Lemster pier,<br \/>\nde grutste spanning ha de skippers.<\/p>\n<p><img loading=\"lazy\" decoding=\"async\" title=\"Image\" src=\"http:\/\/www.tjerkstra.com\/images\/stories\/deiboek5\/tn_scan368.jpg\" alt=\"Image\" width=\"450\" height=\"437\" border=\"0\" hspace=\"6\" \/><\/p>\n<p>In sk\u00fbtsje fart op &#8217;t Grouster wiet**<br \/>\nas teken fan in earm ferline<br \/>\nmei in man of fiif publyk,<br \/>\ndat op it each der sleau by stiet,<br \/>\nde skippers koene Grou net fine.<\/p>\n<p>* Yn 1925<br \/>\n** Yn 1949<\/td>\n<\/tr>\n<\/tbody>\n<\/table>\n","protected":false},"excerpt":{"rendered":"<p>Ut it sk\u00fbtsje-argyf 1995 In heale ieu al SKS, in teken dat de sk\u00fbtsjes libje mei in ent\u00fbsjast publyk en striid op &#8217;t skerpste fan it mes, om&#8217;t skippers nei it heechste stribje. &#8217;t Ferline eaget altyd skier mei sk\u00fbtsjes, tsjalken en ek klippers foar in steatlik klaaid publyk mei huodden op &#8216;e Lemster pier, [&hellip;]<\/p>\n","protected":false},"author":1,"featured_media":0,"comment_status":"closed","ping_status":"closed","sticky":false,"template":"","format":"standard","meta":{"footnotes":""},"categories":[10],"tags":[],"class_list":["post-3224","post","type-post","status-publish","format-standard","hentry","category-skutsjesilen"],"_links":{"self":[{"href":"https:\/\/tjerkstra.com\/wordpress\/wp-json\/wp\/v2\/posts\/3224","targetHints":{"allow":["GET"]}}],"collection":[{"href":"https:\/\/tjerkstra.com\/wordpress\/wp-json\/wp\/v2\/posts"}],"about":[{"href":"https:\/\/tjerkstra.com\/wordpress\/wp-json\/wp\/v2\/types\/post"}],"author":[{"embeddable":true,"href":"https:\/\/tjerkstra.com\/wordpress\/wp-json\/wp\/v2\/users\/1"}],"replies":[{"embeddable":true,"href":"https:\/\/tjerkstra.com\/wordpress\/wp-json\/wp\/v2\/comments?post=3224"}],"version-history":[{"count":1,"href":"https:\/\/tjerkstra.com\/wordpress\/wp-json\/wp\/v2\/posts\/3224\/revisions"}],"predecessor-version":[{"id":3225,"href":"https:\/\/tjerkstra.com\/wordpress\/wp-json\/wp\/v2\/posts\/3224\/revisions\/3225"}],"wp:attachment":[{"href":"https:\/\/tjerkstra.com\/wordpress\/wp-json\/wp\/v2\/media?parent=3224"}],"wp:term":[{"taxonomy":"category","embeddable":true,"href":"https:\/\/tjerkstra.com\/wordpress\/wp-json\/wp\/v2\/categories?post=3224"},{"taxonomy":"post_tag","embeddable":true,"href":"https:\/\/tjerkstra.com\/wordpress\/wp-json\/wp\/v2\/tags?post=3224"}],"curies":[{"name":"wp","href":"https:\/\/api.w.org\/{rel}","templated":true}]}}