{"id":3217,"date":"2016-10-16T18:47:53","date_gmt":"2016-10-16T18:47:53","guid":{"rendered":"http:\/\/www.tjerkstra.com\/wordpress\/?p=3217"},"modified":"2016-10-16T18:47:53","modified_gmt":"2016-10-16T18:47:53","slug":"kranselaits","status":"publish","type":"post","link":"https:\/\/tjerkstra.com\/wordpress\/skutsjesilen\/kranselaits\/","title":{"rendered":"Kr\u00e2nselaits"},"content":{"rendered":"<table class=\"contentpaneopen\">\n<tbody>\n<tr>\n<td class=\"contentheading\" width=\"100%\"><\/td>\n<td class=\"buttonheading\" align=\"right\" width=\"100%\"><a title=\"PDF\"> <img decoding=\"async\" src=\"http:\/\/www.tjerkstra.com\/images\/M_images\/pdf_button.png\" alt=\"PDF\" name=\"image\" align=\"middle\" border=\"0\" \/> <\/a><\/td>\n<td class=\"buttonheading\" align=\"right\" width=\"100%\"><a title=\"Print\"> <img decoding=\"async\" src=\"http:\/\/www.tjerkstra.com\/images\/M_images\/printButton.png\" alt=\"Print\" name=\"image\" align=\"middle\" border=\"0\" \/> <\/a><\/td>\n<td class=\"buttonheading\" align=\"right\" width=\"100%\"><a title=\"E-mail\"> <img decoding=\"async\" src=\"http:\/\/www.tjerkstra.com\/images\/M_images\/emailButton.png\" alt=\"E-mail\" name=\"image\" align=\"middle\" border=\"0\" \/> <\/a><\/td>\n<\/tr>\n<\/tbody>\n<\/table>\n<table class=\"contentpaneopen\">\n<tbody>\n<tr>\n<td colspan=\"2\" valign=\"top\">Ut it sk\u00fbtsje-argyf 1994<\/p>\n<p>It giet al wer net troch,<br \/>\nal foar de tredde kear<br \/>\nferliest de float it fan de wyn,<br \/>\ntefolle of te min,<br \/>\nby grize loft of sinneskyn,<br \/>\nit is de skippers net nei &#8217;t sin.<\/p>\n<p>Se hiene leaver syld<br \/>\nfoar noch in better plak,<br \/>\nfoar guon it heechste, kampioen,<br \/>\nit moat mar sa&#8217;t it kin,<br \/>\nde b\u00easte hat \u00fateinlik w\u00fbn<br \/>\nen &#8217;t is de heechsten wol nei &#8217;t sin.<\/p>\n<p><img loading=\"lazy\" decoding=\"async\" title=\"Image\" src=\"http:\/\/www.tjerkstra.com\/images\/stories\/deiboek5\/tn_scan341.jpg\" alt=\"Image\" width=\"450\" height=\"443\" border=\"0\" hspace=\"6\" \/><\/p>\n<p>Yn it f\u00fblste fan de striid<br \/>\nis skolden op elkoar<br \/>\nmei hege f\u00fbst en gleone kop,<br \/>\n&#8217;t gefoel wurdt dan ta plicht,<br \/>\nmar komt de kr\u00e2nse by it krop,<br \/>\ndan brekt de laits troch op &#8217;t gesicht.<\/p>\n<p><img loading=\"lazy\" decoding=\"async\" title=\"Image\" src=\"http:\/\/www.tjerkstra.com\/images\/stories\/deiboek5\/tn_scan342.jpg\" alt=\"Image\" width=\"450\" height=\"312\" border=\"0\" hspace=\"6\" \/><\/td>\n<\/tr>\n<\/tbody>\n<\/table>\n","protected":false},"excerpt":{"rendered":"<p>Ut it sk\u00fbtsje-argyf 1994 It giet al wer net troch, al foar de tredde kear ferliest de float it fan de wyn, tefolle of te min, by grize loft of sinneskyn, it is de skippers net nei &#8217;t sin. Se hiene leaver syld foar noch in better plak, foar guon it heechste, kampioen, it moat [&hellip;]<\/p>\n","protected":false},"author":1,"featured_media":0,"comment_status":"closed","ping_status":"closed","sticky":false,"template":"","format":"standard","meta":{"footnotes":""},"categories":[10],"tags":[],"class_list":["post-3217","post","type-post","status-publish","format-standard","hentry","category-skutsjesilen"],"_links":{"self":[{"href":"https:\/\/tjerkstra.com\/wordpress\/wp-json\/wp\/v2\/posts\/3217","targetHints":{"allow":["GET"]}}],"collection":[{"href":"https:\/\/tjerkstra.com\/wordpress\/wp-json\/wp\/v2\/posts"}],"about":[{"href":"https:\/\/tjerkstra.com\/wordpress\/wp-json\/wp\/v2\/types\/post"}],"author":[{"embeddable":true,"href":"https:\/\/tjerkstra.com\/wordpress\/wp-json\/wp\/v2\/users\/1"}],"replies":[{"embeddable":true,"href":"https:\/\/tjerkstra.com\/wordpress\/wp-json\/wp\/v2\/comments?post=3217"}],"version-history":[{"count":1,"href":"https:\/\/tjerkstra.com\/wordpress\/wp-json\/wp\/v2\/posts\/3217\/revisions"}],"predecessor-version":[{"id":3218,"href":"https:\/\/tjerkstra.com\/wordpress\/wp-json\/wp\/v2\/posts\/3217\/revisions\/3218"}],"wp:attachment":[{"href":"https:\/\/tjerkstra.com\/wordpress\/wp-json\/wp\/v2\/media?parent=3217"}],"wp:term":[{"taxonomy":"category","embeddable":true,"href":"https:\/\/tjerkstra.com\/wordpress\/wp-json\/wp\/v2\/categories?post=3217"},{"taxonomy":"post_tag","embeddable":true,"href":"https:\/\/tjerkstra.com\/wordpress\/wp-json\/wp\/v2\/tags?post=3217"}],"curies":[{"name":"wp","href":"https:\/\/api.w.org\/{rel}","templated":true}]}}