{"id":3215,"date":"2016-10-16T18:45:52","date_gmt":"2016-10-16T18:45:52","guid":{"rendered":"http:\/\/www.tjerkstra.com\/wordpress\/?p=3215"},"modified":"2016-10-16T18:45:52","modified_gmt":"2016-10-16T18:45:52","slug":"sunder-reef-en-sar","status":"publish","type":"post","link":"https:\/\/tjerkstra.com\/wordpress\/skutsjesilen\/sunder-reef-en-sar\/","title":{"rendered":"S\u00fbnder reef en SAR"},"content":{"rendered":"<table class=\"contentpaneopen\">\n<tbody>\n<tr>\n<td class=\"contentheading\" width=\"100%\"><\/td>\n<td class=\"buttonheading\" align=\"right\" width=\"100%\"><a title=\"PDF\"> <img decoding=\"async\" src=\"http:\/\/www.tjerkstra.com\/images\/M_images\/pdf_button.png\" alt=\"PDF\" name=\"image\" align=\"middle\" border=\"0\" \/> <\/a><\/td>\n<td class=\"buttonheading\" align=\"right\" width=\"100%\"><a title=\"Print\"> <img decoding=\"async\" src=\"http:\/\/www.tjerkstra.com\/images\/M_images\/printButton.png\" alt=\"Print\" name=\"image\" align=\"middle\" border=\"0\" \/> <\/a><\/td>\n<td class=\"buttonheading\" align=\"right\" width=\"100%\"><a title=\"E-mail\"> <img decoding=\"async\" src=\"http:\/\/www.tjerkstra.com\/images\/M_images\/emailButton.png\" alt=\"E-mail\" name=\"image\" align=\"middle\" border=\"0\" \/> <\/a><\/td>\n<\/tr>\n<\/tbody>\n<\/table>\n<table class=\"contentpaneopen\">\n<tbody>\n<tr>\n<td colspan=\"2\" valign=\"top\">Ut it sk\u00fbtsje-argyf 1994<\/p>\n<p>It like op De Lemmer min<br \/>\nmei wynkr\u00eaft seis en soms in s\u00e2n,<br \/>\ndat soe de striid wol heve?<br \/>\nMar Aeolus hie wat oars yn &#8217;t sin,<br \/>\nallinnich Huzum soe noch reve.<\/p>\n<p><img loading=\"lazy\" decoding=\"async\" title=\"Image\" src=\"http:\/\/www.tjerkstra.com\/images\/stories\/deiboek5\/tn_scan321.jpg\" alt=\"Image\" width=\"314\" height=\"450\" border=\"0\" hspace=\"6\" \/><\/p>\n<p>Yn Ljouwert wjukke SAR omheech,<br \/>\nin helikopter foar de need,<br \/>\nomdat se &#8217;t net fertrouden:<br \/>\nkrige &#8217;t wite sk\u00fbtsje it te dreech,<br \/>\ndan tilde SAR it op mei touwen.<\/p>\n<p>Mar Huzum snie de toutsjes los,<br \/>\nomdat Aeolus f\u00fbn de reef<br \/>\nder\u00fat, it koe wol s\u00fbnder;<br \/>\nJelle * wie it b\u00east op dreef,<br \/>\nsyn Lemster trui die it foar w\u00fbnder.<\/p>\n<p><img loading=\"lazy\" decoding=\"async\" title=\"Image\" src=\"http:\/\/www.tjerkstra.com\/images\/stories\/deiboek5\/tn_scan322.jpg\" alt=\"Image\" width=\"450\" height=\"369\" border=\"0\" hspace=\"6\" \/><\/p>\n<p>* Jelle Reyenga<\/td>\n<\/tr>\n<\/tbody>\n<\/table>\n","protected":false},"excerpt":{"rendered":"<p>Ut it sk\u00fbtsje-argyf 1994 It like op De Lemmer min mei wynkr\u00eaft seis en soms in s\u00e2n, dat soe de striid wol heve? Mar Aeolus hie wat oars yn &#8217;t sin, allinnich Huzum soe noch reve. Yn Ljouwert wjukke SAR omheech, in helikopter foar de need, omdat se &#8217;t net fertrouden: krige &#8217;t wite sk\u00fbtsje [&hellip;]<\/p>\n","protected":false},"author":1,"featured_media":0,"comment_status":"closed","ping_status":"closed","sticky":false,"template":"","format":"standard","meta":{"footnotes":""},"categories":[10],"tags":[],"class_list":["post-3215","post","type-post","status-publish","format-standard","hentry","category-skutsjesilen"],"_links":{"self":[{"href":"https:\/\/tjerkstra.com\/wordpress\/wp-json\/wp\/v2\/posts\/3215","targetHints":{"allow":["GET"]}}],"collection":[{"href":"https:\/\/tjerkstra.com\/wordpress\/wp-json\/wp\/v2\/posts"}],"about":[{"href":"https:\/\/tjerkstra.com\/wordpress\/wp-json\/wp\/v2\/types\/post"}],"author":[{"embeddable":true,"href":"https:\/\/tjerkstra.com\/wordpress\/wp-json\/wp\/v2\/users\/1"}],"replies":[{"embeddable":true,"href":"https:\/\/tjerkstra.com\/wordpress\/wp-json\/wp\/v2\/comments?post=3215"}],"version-history":[{"count":1,"href":"https:\/\/tjerkstra.com\/wordpress\/wp-json\/wp\/v2\/posts\/3215\/revisions"}],"predecessor-version":[{"id":3216,"href":"https:\/\/tjerkstra.com\/wordpress\/wp-json\/wp\/v2\/posts\/3215\/revisions\/3216"}],"wp:attachment":[{"href":"https:\/\/tjerkstra.com\/wordpress\/wp-json\/wp\/v2\/media?parent=3215"}],"wp:term":[{"taxonomy":"category","embeddable":true,"href":"https:\/\/tjerkstra.com\/wordpress\/wp-json\/wp\/v2\/categories?post=3215"},{"taxonomy":"post_tag","embeddable":true,"href":"https:\/\/tjerkstra.com\/wordpress\/wp-json\/wp\/v2\/tags?post=3215"}],"curies":[{"name":"wp","href":"https:\/\/api.w.org\/{rel}","templated":true}]}}