{"id":3196,"date":"2016-10-16T18:30:21","date_gmt":"2016-10-16T18:30:21","guid":{"rendered":"http:\/\/www.tjerkstra.com\/wordpress\/?p=3196"},"modified":"2016-10-16T18:30:21","modified_gmt":"2016-10-16T18:30:21","slug":"griene-baai","status":"publish","type":"post","link":"https:\/\/tjerkstra.com\/wordpress\/skutsjesilen\/griene-baai\/","title":{"rendered":"Griene baai"},"content":{"rendered":"<table class=\"contentpaneopen\">\n<tbody>\n<tr>\n<td class=\"contentheading\" width=\"100%\"><\/td>\n<td class=\"buttonheading\" align=\"right\" width=\"100%\"><a title=\"PDF\"> <img decoding=\"async\" src=\"http:\/\/www.tjerkstra.com\/images\/M_images\/pdf_button.png\" alt=\"PDF\" name=\"image\" align=\"middle\" border=\"0\" \/> <\/a><\/td>\n<td class=\"buttonheading\" align=\"right\" width=\"100%\"><a title=\"Print\"> <img decoding=\"async\" src=\"http:\/\/www.tjerkstra.com\/images\/M_images\/printButton.png\" alt=\"Print\" name=\"image\" align=\"middle\" border=\"0\" \/> <\/a><\/td>\n<td class=\"buttonheading\" align=\"right\" width=\"100%\"><a title=\"E-mail\"> <img decoding=\"async\" src=\"http:\/\/www.tjerkstra.com\/images\/M_images\/emailButton.png\" alt=\"E-mail\" name=\"image\" align=\"middle\" border=\"0\" \/> <\/a><\/td>\n<\/tr>\n<\/tbody>\n<\/table>\n<table class=\"contentpaneopen\">\n<tbody>\n<tr>\n<td colspan=\"2\" valign=\"top\">Ut it sk\u00fbtsje-argyf 1993<\/p>\n<p>Tusken seis en s\u00e2n koe &#8217;t net,<br \/>\nd\u00ear wie net tsjin te reven,<br \/>\nek net yn de Lemster baai,<br \/>\nsoks is no ienkear sk\u00fbtsjewet,<br \/>\nmei seis koe it wol heve.<\/p>\n<p><img loading=\"lazy\" decoding=\"async\" title=\"Image\" src=\"http:\/\/www.tjerkstra.com\/images\/stories\/deiboek5\/tn_scan245.jpg\" alt=\"Image\" width=\"450\" height=\"321\" border=\"0\" hspace=\"6\" \/><\/p>\n<p>Lemsters kleurje &#8217;t wetter grien<br \/>\nlykas har eigen sk\u00fbtsje,<br \/>\nwant sy binne sjauvinist,<br \/>\nmar op dy dei wie der noch ien<br \/>\nom yn de baai te moetsjen.<\/p>\n<p>Skerp as &#8217;t slachtersmes foer Snits<br \/>\nmei &#8217;t seil flak as in planke<br \/>\nfier foar oare kleuren \u00fat,<br \/>\nfan &#8217;t Lemster grien seachst suver niks,<br \/>\nSnits hat de baai betanke.<img loading=\"lazy\" decoding=\"async\" title=\"Image\" src=\"http:\/\/www.tjerkstra.com\/images\/stories\/deiboek5\/tn_scan246.jpg\" alt=\"Image\" width=\"426\" height=\"450\" border=\"0\" hspace=\"6\" \/><\/td>\n<\/tr>\n<\/tbody>\n<\/table>\n","protected":false},"excerpt":{"rendered":"<p>Ut it sk\u00fbtsje-argyf 1993 Tusken seis en s\u00e2n koe &#8217;t net, d\u00ear wie net tsjin te reven, ek net yn de Lemster baai, soks is no ienkear sk\u00fbtsjewet, mei seis koe it wol heve. Lemsters kleurje &#8217;t wetter grien lykas har eigen sk\u00fbtsje, want sy binne sjauvinist, mar op dy dei wie der noch ien [&hellip;]<\/p>\n","protected":false},"author":1,"featured_media":0,"comment_status":"closed","ping_status":"closed","sticky":false,"template":"","format":"standard","meta":{"footnotes":""},"categories":[10],"tags":[],"class_list":["post-3196","post","type-post","status-publish","format-standard","hentry","category-skutsjesilen"],"_links":{"self":[{"href":"https:\/\/tjerkstra.com\/wordpress\/wp-json\/wp\/v2\/posts\/3196","targetHints":{"allow":["GET"]}}],"collection":[{"href":"https:\/\/tjerkstra.com\/wordpress\/wp-json\/wp\/v2\/posts"}],"about":[{"href":"https:\/\/tjerkstra.com\/wordpress\/wp-json\/wp\/v2\/types\/post"}],"author":[{"embeddable":true,"href":"https:\/\/tjerkstra.com\/wordpress\/wp-json\/wp\/v2\/users\/1"}],"replies":[{"embeddable":true,"href":"https:\/\/tjerkstra.com\/wordpress\/wp-json\/wp\/v2\/comments?post=3196"}],"version-history":[{"count":1,"href":"https:\/\/tjerkstra.com\/wordpress\/wp-json\/wp\/v2\/posts\/3196\/revisions"}],"predecessor-version":[{"id":3197,"href":"https:\/\/tjerkstra.com\/wordpress\/wp-json\/wp\/v2\/posts\/3196\/revisions\/3197"}],"wp:attachment":[{"href":"https:\/\/tjerkstra.com\/wordpress\/wp-json\/wp\/v2\/media?parent=3196"}],"wp:term":[{"taxonomy":"category","embeddable":true,"href":"https:\/\/tjerkstra.com\/wordpress\/wp-json\/wp\/v2\/categories?post=3196"},{"taxonomy":"post_tag","embeddable":true,"href":"https:\/\/tjerkstra.com\/wordpress\/wp-json\/wp\/v2\/tags?post=3196"}],"curies":[{"name":"wp","href":"https:\/\/api.w.org\/{rel}","templated":true}]}}