{"id":3182,"date":"2016-10-16T18:18:51","date_gmt":"2016-10-16T18:18:51","guid":{"rendered":"http:\/\/www.tjerkstra.com\/wordpress\/?p=3182"},"modified":"2016-10-16T18:18:51","modified_gmt":"2016-10-16T18:18:51","slug":"skutsjepreekstoel","status":"publish","type":"post","link":"https:\/\/tjerkstra.com\/wordpress\/skutsjesilen\/skutsjepreekstoel\/","title":{"rendered":"Sk\u00fbtsjepreekstoel"},"content":{"rendered":"<table class=\"contentpaneopen\">\n<tbody>\n<tr>\n<td class=\"contentheading\" width=\"100%\"><\/td>\n<td class=\"buttonheading\" align=\"right\" width=\"100%\"><a title=\"PDF\"> <img decoding=\"async\" src=\"http:\/\/www.tjerkstra.com\/images\/M_images\/pdf_button.png\" alt=\"PDF\" name=\"image\" align=\"middle\" border=\"0\" \/> <\/a><\/td>\n<td class=\"buttonheading\" align=\"right\" width=\"100%\"><a title=\"Print\"> <img decoding=\"async\" src=\"http:\/\/www.tjerkstra.com\/images\/M_images\/printButton.png\" alt=\"Print\" name=\"image\" align=\"middle\" border=\"0\" \/> <\/a><\/td>\n<td class=\"buttonheading\" align=\"right\" width=\"100%\"><a title=\"E-mail\"> <img decoding=\"async\" src=\"http:\/\/www.tjerkstra.com\/images\/M_images\/emailButton.png\" alt=\"E-mail\" name=\"image\" align=\"middle\" border=\"0\" \/> <\/a><\/td>\n<\/tr>\n<\/tbody>\n<\/table>\n<table class=\"contentpaneopen\">\n<tbody>\n<tr>\n<td colspan=\"2\" valign=\"top\">Ut it sk\u00fbtsje-argyf 1993<\/p>\n<p>De wyn waait w\u00ear&#8217;t er hinne wol,<br \/>\ngjin minske kin dy streaming keare,<br \/>\nfar mar mei, want sa h\u00e2ldt men it fol,<br \/>\nde \u00fbnderfining sil it leare.<\/p>\n<p><img loading=\"lazy\" decoding=\"async\" title=\"Image\" src=\"http:\/\/www.tjerkstra.com\/images\/stories\/deiboek5\/tn_scan201.jpg\" alt=\"Image\" width=\"323\" height=\"450\" border=\"0\" hspace=\"6\" \/><br \/>\nFrieland Post augustus 1993<\/p>\n<p>De skipper keart him nei de wyn<br \/>\nom nei syn wet it t\u00fach te setten,<br \/>\nsylt dan folop mei dy kr\u00eaft deryn,<br \/>\nferleit yn elke striid syn swetten.<\/p>\n<p>De wyn waait w\u00ear&#8217;t er hinne wol<br \/>\nen twirret ek oer tsjerkewetter,<br \/>\nblaast de Geast, dan stean de seilen bol,<br \/>\ngjinien wurdt oansjoen foar in ketter.<\/p>\n<p>De preekhear, skipper op it dek,<br \/>\nlit troch de Geast de wurden waaie,<br \/>\nEarnew\u00e2lds primeur is lang net gek,<br \/>\nde preek sil faak nei &#8217;t silen skaaie.<\/p>\n<p><img loading=\"lazy\" decoding=\"async\" title=\"Image\" src=\"http:\/\/www.tjerkstra.com\/images\/stories\/deiboek5\/tn_scan202.jpg\" alt=\"Image\" width=\"450\" height=\"332\" border=\"0\" hspace=\"6\" \/><\/td>\n<\/tr>\n<\/tbody>\n<\/table>\n","protected":false},"excerpt":{"rendered":"<p>Ut it sk\u00fbtsje-argyf 1993 De wyn waait w\u00ear&#8217;t er hinne wol, gjin minske kin dy streaming keare, far mar mei, want sa h\u00e2ldt men it fol, de \u00fbnderfining sil it leare. Frieland Post augustus 1993 De skipper keart him nei de wyn om nei syn wet it t\u00fach te setten, sylt dan folop mei dy [&hellip;]<\/p>\n","protected":false},"author":1,"featured_media":0,"comment_status":"closed","ping_status":"closed","sticky":false,"template":"","format":"standard","meta":{"footnotes":""},"categories":[10],"tags":[],"class_list":["post-3182","post","type-post","status-publish","format-standard","hentry","category-skutsjesilen"],"_links":{"self":[{"href":"https:\/\/tjerkstra.com\/wordpress\/wp-json\/wp\/v2\/posts\/3182","targetHints":{"allow":["GET"]}}],"collection":[{"href":"https:\/\/tjerkstra.com\/wordpress\/wp-json\/wp\/v2\/posts"}],"about":[{"href":"https:\/\/tjerkstra.com\/wordpress\/wp-json\/wp\/v2\/types\/post"}],"author":[{"embeddable":true,"href":"https:\/\/tjerkstra.com\/wordpress\/wp-json\/wp\/v2\/users\/1"}],"replies":[{"embeddable":true,"href":"https:\/\/tjerkstra.com\/wordpress\/wp-json\/wp\/v2\/comments?post=3182"}],"version-history":[{"count":1,"href":"https:\/\/tjerkstra.com\/wordpress\/wp-json\/wp\/v2\/posts\/3182\/revisions"}],"predecessor-version":[{"id":3183,"href":"https:\/\/tjerkstra.com\/wordpress\/wp-json\/wp\/v2\/posts\/3182\/revisions\/3183"}],"wp:attachment":[{"href":"https:\/\/tjerkstra.com\/wordpress\/wp-json\/wp\/v2\/media?parent=3182"}],"wp:term":[{"taxonomy":"category","embeddable":true,"href":"https:\/\/tjerkstra.com\/wordpress\/wp-json\/wp\/v2\/categories?post=3182"},{"taxonomy":"post_tag","embeddable":true,"href":"https:\/\/tjerkstra.com\/wordpress\/wp-json\/wp\/v2\/tags?post=3182"}],"curies":[{"name":"wp","href":"https:\/\/api.w.org\/{rel}","templated":true}]}}